{"id":33272,"date":"2022-07-05T14:44:46","date_gmt":"2022-07-05T18:44:46","guid":{"rendered":"https:\/\/diariosalud.com\/uncategorized\/participa-del-webinar-sobre-las-desigualdades-en-salud-en-america-latina-y-el-caribe\/"},"modified":"2022-07-05T14:44:46","modified_gmt":"2022-07-05T18:44:46","slug":"participa-del-webinar-sobre-las-desigualdades-en-salud-de-america-latina-y-el-caribe","status":"publish","type":"post","link":"https:\/\/ktechproduccion.net\/diariosalud.com\/participa-del-webinar-sobre-las-desigualdades-en-salud-de-america-latina-y-el-caribe\/","title":{"rendered":"Participa del webinar sobre las desigualdades en salud de Am\u00e9rica Latina y el Caribe"},"content":{"rendered":"\n<p>La iniciativa <a href=\"https:\/\/www.everywomaneverychild-lac.org\">Todas las Mujeres Todos los Ni\u00f1os Am\u00e9rica Latina y el Caribe <\/a> invita al webinario sobre \u00abDesigualdades en salud en Am\u00e9rica Latina y el Caribe y qu\u00e9 hacer al respecto\u00bb, este jueves 7 de julio  a las 10:00 a 11:00 a. m. (EDT\/ Hora de Washington DC).<\/p>\n\n\n\n<p>Este webinario presentar\u00e1 un panorama de las desigualdades sociales en la salud de mujeres, ni\u00f1os y adolescentes en <a href=\"https:\/\/ktechproduccion.net\/diariosalud.com\/capacitan-a-tecnicos-de-laboratorio-de-siete-paises-de-america-latina-para-la-deteccion-de-la-viruela-simica\/\">Am\u00e9rica Latina<\/a> y el Caribe (ALC) antes y durante la pandemia de COVID-19, as\u00ed como pol\u00edticas e intervenciones para sus reducciones. <\/p>\n\n\n\n<p>Estos temas son especialmente importantes en el contexto actual de ALC, al ser considerada como una regi\u00f3n con altos niveles de desigualdades. Adem\u00e1s, una l\u00ednea de base de la situaci\u00f3n antes de la pandemia puede permitir cuantificar el futuro los cambios en las desigualdades sociales en la salud de mujeres, ni\u00f1os y adolescentes en la regi\u00f3n de ALC durante la era de los ODS.<\/p>\n\n\n\n<figure class=\"wp-block-image size-large\"><img decoding=\"async\" src=\"https:\/\/ktechproduccion.net\/diariosalud.com\/wp-content\/uploads\/2022\/07\/Curso-4-5.jpg\" alt=\"\" class=\"wp-image-52728\"\/><\/figure>\n\n\n\n<p>Los Objetivos de Desarrollo Sostenible (ODS) incluidos en la Agenda 2030 determinan esta misi\u00f3n de trabajar estas desigualdades y establecer los indicadores estad\u00edsticos pertinentes para ser alcanzadas para el 2030.<\/p>\n\n\n\n<p>El seminario web constar\u00e1 de 3 presentaciones, seguidas de una sesi\u00f3n de preguntas y respuestas para facilitar la interacci\u00f3n de los participantes. Tambi\u00e9n la sesi\u00f3n contar\u00e1 con interpretaci\u00f3n simult\u00e1nea en espa\u00f1ol, ingl\u00e9s, portugu\u00e9s y franc\u00e9s.<\/p>\n\n\n\n<p>Para incribirte entra <a href=\"http:\/\/www.tinyurl.com\/webinar-7-jul-2022\">aqu\u00ed <\/a>. <\/p>\n\n\n\n<p><\/p>\n","protected":false},"excerpt":{"rendered":"<p>La iniciativa Todas las Mujeres Todos los Ni\u00f1os Am\u00e9rica Latina y el Caribe invita al webinario sobre \u00abDesigualdades en salud en Am\u00e9rica Latina y el Caribe y qu\u00e9 hacer al respecto\u00bb, este jueves 7 de julio a las 10:00 a 11:00 a. m. (EDT\/ Hora de Washington DC). Este webinario presentar\u00e1 un panorama de las [&hellip;]<\/p>\n","protected":false},"author":18,"featured_media":25322,"comment_status":"closed","ping_status":"closed","sticky":false,"template":"","format":"standard","meta":{"_acf_changed":false,"footnotes":""},"categories":[551],"tags":[1696,352,820],"class_list":["post-33272","post","type-post","status-publish","format-standard","has-post-thumbnail","hentry","category-noticias","tag-ods","tag-oms","tag-webinario"],"acf":[],"_links":{"self":[{"href":"https:\/\/ktechproduccion.net\/diariosalud.com\/wp-json\/wp\/v2\/posts\/33272","targetHints":{"allow":["GET"]}}],"collection":[{"href":"https:\/\/ktechproduccion.net\/diariosalud.com\/wp-json\/wp\/v2\/posts"}],"about":[{"href":"https:\/\/ktechproduccion.net\/diariosalud.com\/wp-json\/wp\/v2\/types\/post"}],"author":[{"embeddable":true,"href":"https:\/\/ktechproduccion.net\/diariosalud.com\/wp-json\/wp\/v2\/users\/18"}],"replies":[{"embeddable":true,"href":"https:\/\/ktechproduccion.net\/diariosalud.com\/wp-json\/wp\/v2\/comments?post=33272"}],"version-history":[{"count":0,"href":"https:\/\/ktechproduccion.net\/diariosalud.com\/wp-json\/wp\/v2\/posts\/33272\/revisions"}],"wp:featuredmedia":[{"embeddable":true,"href":"https:\/\/ktechproduccion.net\/diariosalud.com\/wp-json\/wp\/v2\/media\/25322"}],"wp:attachment":[{"href":"https:\/\/ktechproduccion.net\/diariosalud.com\/wp-json\/wp\/v2\/media?parent=33272"}],"wp:term":[{"taxonomy":"category","embeddable":true,"href":"https:\/\/ktechproduccion.net\/diariosalud.com\/wp-json\/wp\/v2\/categories?post=33272"},{"taxonomy":"post_tag","embeddable":true,"href":"https:\/\/ktechproduccion.net\/diariosalud.com\/wp-json\/wp\/v2\/tags?post=33272"}],"curies":[{"name":"wp","href":"https:\/\/api.w.org\/{rel}","templated":true}]}}