{"id":33255,"date":"2022-06-29T16:44:30","date_gmt":"2022-06-29T20:44:30","guid":{"rendered":"https:\/\/diariosalud.com\/uncategorized\/ecuador-tendra-su-primer-sistema-de-inventarios-de-medicamentos\/"},"modified":"2022-06-29T16:44:30","modified_gmt":"2022-06-29T20:44:30","slug":"ecuador-tendra-su-primer-sistema-de-inventarios-de-medicamentos","status":"publish","type":"post","link":"https:\/\/ktechproduccion.net\/diariosalud.com\/ecuador-tendra-su-primer-sistema-de-inventarios-de-medicamentos\/","title":{"rendered":"Ecuador tendr\u00e1 su primer sistema de inventarios de medicamentos"},"content":{"rendered":"\n<p>El Ministerio de Salud de Ecuador inform\u00f3 ayer que lanzar\u00e1 el primer sistema tecnol\u00f3gico, el cual permitir\u00e1 mantener un control adecuado del inventario de f\u00e1rmacos y dispositivos m\u00e9dicos en cada establecimiento de salud, con el objetivo de determinar, en tiempo real, la situaci\u00f3n con respecto a la oferta y demanda de estos insumos.<\/p>\n\n\n\n<p>Este sistema tendr\u00e1 la ventaja de identificar y priorizar las necesidades de compra en funci\u00f3n de la disponibilidad en \u2018stock\u2019, n\u00famero de pacientes, enfermedades que trata cada establecimiento, recetas prescritas por los m\u00e9dicos y otros. Adem\u00e1s, la cantidad y tipo de medicamentos vitales, esenciales y no esenciales.<\/p>\n\n\n\n<p>La ministra de Salud, Ximena Garz\u00f3n, presidi\u00f3 la reuni\u00f3n junto a su equipo t\u00e9cnico conformado por los viceministros, subsecretarios, gerentes, coordinadores y directores nacionales del MSP. Tambi\u00e9n se cont\u00f3 con la presencia de representantes de la Presidencia de la Rep\u00fablica, entre ellos, Luis Enrique Coloma, consejero, y Eduardo Herdocia, subsecretario.<\/p>\n\n\n\n<p>Seg\u00fan se inform\u00f3 en el portal del <a href=\"https:\/\/www.salud.gob.ec\/ecuador-tendra-su-primer-sistema-de-inventarios-de-medicamentos-e-insumos-medicos\/\">Ministerio<\/a>, este sistema nacional de inventarios ser\u00e1 complementario a las otras estrategias de abastecimiento de medicamentos e insumos, entre ellas, el cat\u00e1logo electr\u00f3nico que actualmente est\u00e1 liderado por el SERCOP y el plan de externalizaci\u00f3n de farmacias denominado \u201cMedicina Cerca\u201d. <\/p>\n\n\n\n<p>Adem\u00e1s, se notific\u00f3 que la primera fase de la implementaci\u00f3n arrancar\u00e1 pr\u00f3ximamente en la Coordinaci\u00f3n Zonal 8 del pa\u00eds, sin embargo, de acuerdo al Ministerio; lo implementar\u00e1n en otras zonas de manera progresiva. <\/p>\n\n\n\n<p><\/p>\n","protected":false},"excerpt":{"rendered":"<p>El Ministerio de Salud de Ecuador inform\u00f3 ayer que lanzar\u00e1 el primer sistema tecnol\u00f3gico, el cual permitir\u00e1 mantener un control adecuado del inventario de f\u00e1rmacos y dispositivos m\u00e9dicos en cada establecimiento de salud, con el objetivo de determinar, en tiempo real, la situaci\u00f3n con respecto a la oferta y demanda de estos insumos. Este sistema [&hellip;]<\/p>\n","protected":false},"author":18,"featured_media":25282,"comment_status":"closed","ping_status":"closed","sticky":false,"template":"","format":"standard","meta":{"_acf_changed":false,"footnotes":""},"categories":[551],"tags":[1669,434,1670],"class_list":["post-33255","post","type-post","status-publish","format-standard","has-post-thumbnail","hentry","category-noticias","tag-ecuador","tag-medicamentos","tag-ministeriosalud"],"acf":[],"_links":{"self":[{"href":"https:\/\/ktechproduccion.net\/diariosalud.com\/wp-json\/wp\/v2\/posts\/33255","targetHints":{"allow":["GET"]}}],"collection":[{"href":"https:\/\/ktechproduccion.net\/diariosalud.com\/wp-json\/wp\/v2\/posts"}],"about":[{"href":"https:\/\/ktechproduccion.net\/diariosalud.com\/wp-json\/wp\/v2\/types\/post"}],"author":[{"embeddable":true,"href":"https:\/\/ktechproduccion.net\/diariosalud.com\/wp-json\/wp\/v2\/users\/18"}],"replies":[{"embeddable":true,"href":"https:\/\/ktechproduccion.net\/diariosalud.com\/wp-json\/wp\/v2\/comments?post=33255"}],"version-history":[{"count":0,"href":"https:\/\/ktechproduccion.net\/diariosalud.com\/wp-json\/wp\/v2\/posts\/33255\/revisions"}],"wp:featuredmedia":[{"embeddable":true,"href":"https:\/\/ktechproduccion.net\/diariosalud.com\/wp-json\/wp\/v2\/media\/25282"}],"wp:attachment":[{"href":"https:\/\/ktechproduccion.net\/diariosalud.com\/wp-json\/wp\/v2\/media?parent=33255"}],"wp:term":[{"taxonomy":"category","embeddable":true,"href":"https:\/\/ktechproduccion.net\/diariosalud.com\/wp-json\/wp\/v2\/categories?post=33255"},{"taxonomy":"post_tag","embeddable":true,"href":"https:\/\/ktechproduccion.net\/diariosalud.com\/wp-json\/wp\/v2\/tags?post=33255"}],"curies":[{"name":"wp","href":"https:\/\/api.w.org\/{rel}","templated":true}]}}