{"id":33241,"date":"2022-06-23T17:22:18","date_gmt":"2022-06-23T21:22:18","guid":{"rendered":"https:\/\/diariosalud.com\/uncategorized\/somete-tu-trabajo-de-investigacion-en-el-congreso-estudiantil-de-investigacion-cientifica-y-tecnologica-ceicyt-2022\/"},"modified":"2022-06-23T17:22:18","modified_gmt":"2022-06-23T21:22:18","slug":"somete-tu-trabajo-de-investigacion-en-el-congreso-estudiantil-de-investigacion-cientifica-y-tecnologica-ceicyt-2022","status":"publish","type":"post","link":"https:\/\/ktechproduccion.net\/diariosalud.com\/somete-tu-trabajo-de-investigacion-en-el-congreso-estudiantil-de-investigacion-cientifica-y-tecnologica-ceicyt-2022\/","title":{"rendered":"Somete tu trabajo de Investigaci\u00f3n en el Congreso Estudiantil de Investigaci\u00f3n Cient\u00edfica y Tecnol\u00f3gica CEICyT 2022"},"content":{"rendered":"\n<p>Autor: Redaccion DiarioSalud Estudiantil<\/p>\n\n\n\n<p>El Congreso Estudiantil de Investigaci\u00f3n Cient\u00edfica y Tecnol\u00f3gica CEICyT 2022, ser\u00e1 celebrado en modalidad semi-virtual los d\u00edas 14 y 15 de septiembre de 2022 y tendr\u00e1 como sede el Instituto Tecnol\u00f3gico de Santo Domingo, INTEC.&nbsp;<\/p>\n\n\n\n<p>La recepci\u00f3n de res\u00famenes se encuentra oficialmente abierta, \u00a1An\u00edmate a participar! En el siguiente enlace puedes someter tu propuesta: <a href=\"https:\/\/www.ceicyt.do\/sometimiento-de-trabajos\">https:\/\/www.ceicyt.do\/sometimiento-de-trabajos<\/a>&nbsp;<\/p>\n\n\n\n<p>El Congreso Estudiantil de Investigaci\u00f3n Cient\u00edfica y Tecnol\u00f3gica (CEICYT), se inici\u00f3 en el a\u00f1o 2016 como una iniciativa del Viceministerio de Ciencia y Tecnolog\u00eda, del Ministerio de Educaci\u00f3n Superior, Ciencia y Tecnolog\u00eda (MESCYT), en colaboraci\u00f3n con diferentes Instituciones de Educaci\u00f3n Superior (IES) del pa\u00eds, que conforman el Comit\u00e9 Organizador.<\/p>\n\n\n\n<p>El CEICYT, es un espacio para dar a conocer las iniciativas de investigaci\u00f3n de estudiantes universitarios del nivel de grado, en las \u00e1reas cient\u00edficas y tecnol\u00f3gicas. En las versiones anteriores del CEICYT, se han presentado 525 trabajos de investigaci\u00f3n en las diferentes \u00e1reas, de los cuales, alrededor de 50 trabajos fueron premiados y reconocidos con menciones de honor, siendo representados por m\u00e1s de 26 IES nacionales. Desde hace dos a\u00f1os, se ha contado con la participaci\u00f3n de estudiantes invitados de m\u00e1s de cinco nacionalidades, incluyendo Cuba, Panam\u00e1, Puerto Rico y Estados Unidos.<\/p>\n\n\n\n<p>El Congreso Estudiantil de Investigaci\u00f3n Cient\u00edfica y Tecnol\u00f3gica (CEICYT), se inici\u00f3 en el a\u00f1o 2016 como una iniciativa del Viceministerio de Ciencia y Tecnolog\u00eda, del Ministerio de Educaci\u00f3n Superior Ciencia y Tecnolog\u00eda (MESCYT), en colaboraci\u00f3n con diferentes Instituciones de Educaci\u00f3n Superior (IES) del pa\u00eds, que conforman el Comit\u00e9 Organizador.<\/p>\n\n\n\n<p>\u200b\u00c1reas o campos disciplinarios<\/p>\n\n\n\n<p>Las \u00e1reas o campos disciplinarios para la presentaci\u00f3n de trabajos de investigaci\u00f3n son las siguientes:<\/p>\n\n\n\n<ol class=\"wp-block-list\"><li>\u200b \u00c1rea de Ciencias B\u00e1sicas: Biolog\u00eda, Qu\u00edmica, F\u00edsica, Matem\u00e1tica, aplicaciones, fronteras y campos emergentes; Neurociencia, Econof\u00edsica.<\/li><li>Ciencias Agropecuarias y Recursos Naturales: Ciencias Agroalimentarias y Forestales, Medio Ambiente, Biotecnolog\u00eda, y Veterinaria.<\/li><li>Ingenier\u00eda y Tecnolog\u00eda: Ingenier\u00edas, Arquitectura, Tecnolog\u00edas de la Informaci\u00f3n y Comunicaci\u00f3n (TIC), Desarrollo de Software y Aplicaciones, Microprocesadores y Microcontroladores, Mecatr\u00f3nica y Rob\u00f3tica, Bioingenier\u00eda, Energ\u00eda Renovable, Procesos Industriales y Manufactura.<\/li><li>Ciencias de la Salud: Medicina (medicina interna, medicina quir\u00fargica, medicina experimental), Medicina Molecular (incluida Biomedicina), Nutrici\u00f3n, Enfermer\u00eda, Farmacia, y Odontolog\u00eda.<\/li><li>Educaci\u00f3n Cient\u00edfica y Educaci\u00f3n Matem\u00e1tica, con \u00e9nfasis en uso de TIC (plataformas digitales en general) para promover aprendizaje.<\/li><\/ol>\n","protected":false},"excerpt":{"rendered":"<p>Autor: Redaccion DiarioSalud Estudiantil El Congreso Estudiantil de Investigaci\u00f3n Cient\u00edfica y Tecnol\u00f3gica CEICyT 2022, ser\u00e1 celebrado en modalidad semi-virtual los d\u00edas 14 y 15 de septiembre de 2022 y tendr\u00e1 como sede el Instituto Tecnol\u00f3gico de Santo Domingo, INTEC.&nbsp; La recepci\u00f3n de res\u00famenes se encuentra oficialmente abierta, \u00a1An\u00edmate a participar! En el siguiente enlace puedes [&hellip;]<\/p>\n","protected":false},"author":18,"featured_media":25250,"comment_status":"closed","ping_status":"closed","sticky":false,"template":"","format":"standard","meta":{"_acf_changed":false,"footnotes":""},"categories":[610],"tags":[1653,1538,235],"class_list":["post-33241","post","type-post","status-publish","format-standard","has-post-thumbnail","hentry","category-estudiantil","tag-ceicyt-2022","tag-congreso","tag-investigacion"],"acf":[],"_links":{"self":[{"href":"https:\/\/ktechproduccion.net\/diariosalud.com\/wp-json\/wp\/v2\/posts\/33241","targetHints":{"allow":["GET"]}}],"collection":[{"href":"https:\/\/ktechproduccion.net\/diariosalud.com\/wp-json\/wp\/v2\/posts"}],"about":[{"href":"https:\/\/ktechproduccion.net\/diariosalud.com\/wp-json\/wp\/v2\/types\/post"}],"author":[{"embeddable":true,"href":"https:\/\/ktechproduccion.net\/diariosalud.com\/wp-json\/wp\/v2\/users\/18"}],"replies":[{"embeddable":true,"href":"https:\/\/ktechproduccion.net\/diariosalud.com\/wp-json\/wp\/v2\/comments?post=33241"}],"version-history":[{"count":0,"href":"https:\/\/ktechproduccion.net\/diariosalud.com\/wp-json\/wp\/v2\/posts\/33241\/revisions"}],"wp:featuredmedia":[{"embeddable":true,"href":"https:\/\/ktechproduccion.net\/diariosalud.com\/wp-json\/wp\/v2\/media\/25250"}],"wp:attachment":[{"href":"https:\/\/ktechproduccion.net\/diariosalud.com\/wp-json\/wp\/v2\/media?parent=33241"}],"wp:term":[{"taxonomy":"category","embeddable":true,"href":"https:\/\/ktechproduccion.net\/diariosalud.com\/wp-json\/wp\/v2\/categories?post=33241"},{"taxonomy":"post_tag","embeddable":true,"href":"https:\/\/ktechproduccion.net\/diariosalud.com\/wp-json\/wp\/v2\/tags?post=33241"}],"curies":[{"name":"wp","href":"https:\/\/api.w.org\/{rel}","templated":true}]}}