{"id":33190,"date":"2022-06-06T14:30:09","date_gmt":"2022-06-06T18:30:09","guid":{"rendered":"https:\/\/diariosalud.com\/uncategorized\/expertos-dicen-la-hidrocefalia-cronica-es-una-demencia-potencialmente-curable\/"},"modified":"2022-06-06T14:30:09","modified_gmt":"2022-06-06T18:30:09","slug":"expertos-dicen-la-hidrocefalia-cronica-es-una-demencia-potencialmente-curable","status":"publish","type":"post","link":"https:\/\/ktechproduccion.net\/diariosalud.com\/expertos-dicen-la-hidrocefalia-cronica-es-una-demencia-potencialmente-curable\/","title":{"rendered":"Expertos dicen la hidrocefalia cr\u00f3nica es una demencia potencialmente curable\u00a0"},"content":{"rendered":"\n<p><em>El Centro de Neurolog\u00eda Avanzada (CNA), es referente en Andaluc\u00eda en el manejo integral de pacientes con alteraciones del l\u00edquido cefalorraqu\u00eddeo (LCR), gracias a su unidad especializada y encabezada por los neurocirujanos Andr\u00e9s Mu\u00f1oz, Antonio L\u00f3pez y Mar\u00eda de los \u00c1ngeles Ca\u00f1izares. <\/em><\/p>\n\n\n\n<p>Desde el CNA, su CEO, Roc\u00edo Vallejo ha informado que este grupo de doctores ha protocolizado una serie de pruebas para intentar focalizar y diferenciar a los pacientes con alteraciones en la din\u00e1mica del l\u00edquido cefalorraqu\u00eddeo, como es el caso de la hidrocefalia, de otro tipo de demencia. <\/p>\n\n\n\n<p><em>Tanto que, a trav\u00e9s de un abordaje integral, \u201cest\u00e1n consiguiendo revertir la sintomatolog\u00eda de estos pacientes y, por ello, tenemos los indicios de que la hidrocefalia cr\u00f3nica es un tipo de demencia potencialmente curable\u201d.&nbsp;<\/em><\/p>\n\n\n\n<p>Se trata de un protocolo y unas serie de pruebas exclusivas del Centro de Neurolog\u00eda Avanzada (CNA), ya que \u201cen la comunidad aut\u00f3noma, no existe entidad ni p\u00fablica ni privada que realice estos tratamientos de excelencia de forma estandarizada\u201d, explic\u00f3&nbsp;Vallejo. <\/p>\n\n\n\n<p><strong>Tratamientos estandarizados y de excelencia<\/strong><br><\/p>\n\n\n\n<p class=\"has-text-align-left\">El Centro de Neurolog\u00eda Avanzado (CNA) es pionero en el estudio y tratamiento de manera integral de aquellos pacientes que presentan alteraciones en la din\u00e1mica del l\u00edquido cefalorraqu\u00eddeo. As\u00ed, la implantaci\u00f3n de estudios hidrodin\u00e1micos a trav\u00e9s de novedosos&nbsp;<strong>sistemas de infusi\u00f3n lumbar<\/strong>&nbsp;o la&nbsp;<strong>monitorizaci\u00f3n continua de la presi\u00f3n intracraneal<\/strong>&nbsp;del paciente, si bien son t\u00e9cnicas que se realizan en otras cl\u00ednicas y hospitales, no se llevan a cabo de forma estandarizada como desde el grupo m\u00e9dico CNA.&nbsp;<\/p>\n\n\n\n<p class=\"has-text-align-center\" style=\"font-size:27px\"><br><strong><em>Cada caso es discutido en sesi\u00f3n cl\u00ednica por esta Unidad M\u00e9dica, donde tras conocer todos los informes y pruebas a las que se ha sometido a los pacientes que presenten este tipo de alteraciones, se hace una valoraci\u00f3n integral para considerar las opciones terap\u00e9uticas m\u00e1s convenientes para cada paciente. <\/em><\/strong><\/p>\n\n\n\n<p>Entre otras se valora la realizaci\u00f3n de una&nbsp;<strong>endoscopia cerebral<\/strong>&nbsp;o la implantaci\u00f3n de alg\u00fan tipo de&nbsp;<strong>derivaci\u00f3n licuoral interna<\/strong>, bien sea mediante v\u00e1lvula ventr\u00edculo-peritoneal o lumbo-peritoneal, en funci\u00f3n del tipo de hidrocefalia o de alteraci\u00f3n del l\u00edquido que tenga cada paciente.&nbsp;<\/p>\n\n\n\n<p><br>\u00abPara obtener los mejores resultados como hasta ahora, en el Centro de Neurolog\u00eda Avanzada (CNA) a los pacientes con alteraciones hidrodin\u00e1micas no solo se les da un manejo m\u00e1s espec\u00edfico con abordajes para diferenciar la procedencia y la naturaleza de la patolog\u00eda, sino que luego se tiene un seguimiento por el mismo equipo m\u00e9dico. Es decir, se trata de una evaluaci\u00f3n realizada por esta unidad especializada con expertos en el manejo de este tipo de patolog\u00edas neurol\u00f3gicas\u00bb, detall\u00f3 Vallejo. <\/p>\n\n\n\n<p>Los especialistas del CNA explican que hidrocefalia es un tipo de demencia o trastorno que se produce debido a un enlentecimiento en la capacidad de reabsorci\u00f3n del l\u00edquido cefalorraqu\u00eddeo por el propio cerebro. Es decir, el cerebro se encarga de generarlo, pero a veces se produce acopio de este l\u00edquido. La funci\u00f3n de esta sustancia es proteger el cerebro, pero en exceso ejerce una presi\u00f3n da\u00f1ina sobre \u00e9l.\u00a0<\/p>\n\n\n\n<p>Adem\u00e1s, concluyen que puede \u00abestar causada por problemas gen\u00e9ticos, causas obstructivas (hemorragia, tumor\u2026) o por un deterioro progresivo de las capacidades reabsortivas del cerebro asociado a la edad. El problema radica cuando la presi\u00f3n aumentada de este l\u00edquido, da\u00f1a determinadas estructuras cerebrales que son las responsables de la sintomatolog\u00eda cl\u00ednica caracter\u00edstica de este tipo de trastornos: problemas al caminar, deterioro cognitivo, alteraciones esfinterianas, etc\u00bb. &nbsp;<\/p>\n\n\n\n<p><\/p>\n","protected":false},"excerpt":{"rendered":"<p>El Centro de Neurolog\u00eda Avanzada (CNA), es referente en Andaluc\u00eda en el manejo integral de pacientes con alteraciones del l\u00edquido cefalorraqu\u00eddeo (LCR), gracias a su unidad especializada y encabezada por los neurocirujanos Andr\u00e9s Mu\u00f1oz, Antonio L\u00f3pez y Mar\u00eda de los \u00c1ngeles Ca\u00f1izares. Desde el CNA, su CEO, Roc\u00edo Vallejo ha informado que este grupo de [&hellip;]<\/p>\n","protected":false},"author":18,"featured_media":25136,"comment_status":"closed","ping_status":"closed","sticky":false,"template":"","format":"standard","meta":{"_acf_changed":false,"footnotes":""},"categories":[551],"tags":[1593,118,97],"class_list":["post-33190","post","type-post","status-publish","format-standard","has-post-thumbnail","hentry","category-noticias","tag-hidrocefalias","tag-neurologia","tag-tratamientos"],"acf":[],"_links":{"self":[{"href":"https:\/\/ktechproduccion.net\/diariosalud.com\/wp-json\/wp\/v2\/posts\/33190","targetHints":{"allow":["GET"]}}],"collection":[{"href":"https:\/\/ktechproduccion.net\/diariosalud.com\/wp-json\/wp\/v2\/posts"}],"about":[{"href":"https:\/\/ktechproduccion.net\/diariosalud.com\/wp-json\/wp\/v2\/types\/post"}],"author":[{"embeddable":true,"href":"https:\/\/ktechproduccion.net\/diariosalud.com\/wp-json\/wp\/v2\/users\/18"}],"replies":[{"embeddable":true,"href":"https:\/\/ktechproduccion.net\/diariosalud.com\/wp-json\/wp\/v2\/comments?post=33190"}],"version-history":[{"count":0,"href":"https:\/\/ktechproduccion.net\/diariosalud.com\/wp-json\/wp\/v2\/posts\/33190\/revisions"}],"wp:featuredmedia":[{"embeddable":true,"href":"https:\/\/ktechproduccion.net\/diariosalud.com\/wp-json\/wp\/v2\/media\/25136"}],"wp:attachment":[{"href":"https:\/\/ktechproduccion.net\/diariosalud.com\/wp-json\/wp\/v2\/media?parent=33190"}],"wp:term":[{"taxonomy":"category","embeddable":true,"href":"https:\/\/ktechproduccion.net\/diariosalud.com\/wp-json\/wp\/v2\/categories?post=33190"},{"taxonomy":"post_tag","embeddable":true,"href":"https:\/\/ktechproduccion.net\/diariosalud.com\/wp-json\/wp\/v2\/tags?post=33190"}],"curies":[{"name":"wp","href":"https:\/\/api.w.org\/{rel}","templated":true}]}}