{"id":33183,"date":"2022-06-02T20:41:14","date_gmt":"2022-06-03T00:41:14","guid":{"rendered":"https:\/\/diariosalud.com\/uncategorized\/el-cuidado-de-los-dientes-primarios-por-que-es-importante\/"},"modified":"2022-06-02T20:41:14","modified_gmt":"2022-06-03T00:41:14","slug":"el-cuidado-de-los-dientes-primarios-por-que-es-importante","status":"publish","type":"post","link":"https:\/\/ktechproduccion.net\/diariosalud.com\/el-cuidado-de-los-dientes-primarios-por-que-es-importante\/","title":{"rendered":"El cuidado de los dientes primarios, \u00bfPor qu\u00e9 es importante?"},"content":{"rendered":"\n<p>Autora: Dra. Karla Valenzuela<\/p>\n\n\n\n<p>Los dientes primarios o \u201cde leche\u201d son los primeros dientes que se forman en la cavidad oral de los bebes y su cuidado es igual de fundamental que los dientes permanentes, aunque es entendido por muchos lo contrario. Muchos adultos se presentan en la consulta con sus hijos y nos comunican que como son dientes que se van a caer no les prestan atenci\u00f3n y no acuden al dentista. Esto es un error bastante com\u00fan y algo importante de rectificar o aclarar.<\/p>\n\n\n\n<p>Si bien es cierto que los ni\u00f1os sufren un proceso de recambio dentario entre los 6 y 12 a\u00f1os de edad aproximadamente, el no cuidar y mantener los dientes desde el primero que sale, puede acarrear la perdida temprana de ellos, ya sea por caries o por traumatismos alterando en gran medida la cronolog\u00eda dentaria normal, exponiendo a ni\u00f1os a sufrir consecuencias dentales severas a largo plazo sin necesidad, ya sea alterando la posici\u00f3n o la perdida del espacio del diente que va a ser reemplazado. Es por esta raz\u00f3n que los padres deber\u00edan tener conciencia de llevar a sus hijos desde que salga el primer diente de leche y cepillarlo igualmente.<\/p>\n\n\n\n<p>Es bien sabido que la caries en ni\u00f1os avanza m\u00e1s r\u00e1pidamente que en adultos y los traumatismos, ya sea por ca\u00eddas o golpes, afectan m\u00e1s de lo que se piensa, por tanto, los problemas dentales en ni\u00f1os deber\u00edan resolverse a tiempo. Los ni\u00f1os est\u00e1n condicionados por la decisi\u00f3n de sus padres de llevarlos a consulta y estos tienen la tarea de cuidar de sus dientes desde casa para evitar malos ratos en el dentista, donde se pueden crear futuramente traumas innecesarios. Algunos miedos al dentista de personas adultas comienzan desde la ni\u00f1ez, ya sea porque los llevaban a tratarse caries o a sacarse dientes, algo que los propios ni\u00f1os no entienden y que podr\u00eda generar trauma.<\/p>\n\n\n\n<p>Una vez que se ha producido el recambio dentario total, el ni\u00f1o debe adquirir los h\u00e1bitos de higiene necesarios y extremarlos en dientes permanentes. Educar desde un inicio es la clave para establecer un h\u00e1bito desde temprana edad, es decir, ayudarlos a cepillarse y motivarlos a tener dientes sanos.<\/p>\n\n\n\n<p>En resumen, el cuidado de los dientes primarios es igual de importante que los dientes permanentes, siendo a veces m\u00e1s propensos estos a sufrir de caries que los permanentes. Hay que destacar que llevar a los ni\u00f1os a temprana edad a revisi\u00f3n y guiarlos en casa, ayudara a prevenir un sinf\u00edn de posibles problemas futuros en la cavidad oral. Porque el cuidado de nuestros dientes comienza desde la ni\u00f1ez.<\/p>\n\n\n\n<p>Autor: Dra. Karla Valenzuela (Odont\u00f3loga General-Egresada UNPHU)<\/p>\n","protected":false},"excerpt":{"rendered":"<p>Autora: Dra. Karla Valenzuela Los dientes primarios o \u201cde leche\u201d son los primeros dientes que se forman en la cavidad oral de los bebes y su cuidado es igual de fundamental que los dientes permanentes, aunque es entendido por muchos lo contrario. Muchos adultos se presentan en la consulta con sus hijos y nos comunican [&hellip;]<\/p>\n","protected":false},"author":18,"featured_media":25122,"comment_status":"closed","ping_status":"closed","sticky":false,"template":"","format":"standard","meta":{"_acf_changed":false,"footnotes":""},"categories":[610],"tags":[910,1588,93,95],"class_list":["post-33183","post","type-post","status-publish","format-standard","has-post-thumbnail","hentry","category-estudiantil","tag-caries","tag-dientes","tag-odontologia","tag-salud-bucal"],"acf":[],"_links":{"self":[{"href":"https:\/\/ktechproduccion.net\/diariosalud.com\/wp-json\/wp\/v2\/posts\/33183","targetHints":{"allow":["GET"]}}],"collection":[{"href":"https:\/\/ktechproduccion.net\/diariosalud.com\/wp-json\/wp\/v2\/posts"}],"about":[{"href":"https:\/\/ktechproduccion.net\/diariosalud.com\/wp-json\/wp\/v2\/types\/post"}],"author":[{"embeddable":true,"href":"https:\/\/ktechproduccion.net\/diariosalud.com\/wp-json\/wp\/v2\/users\/18"}],"replies":[{"embeddable":true,"href":"https:\/\/ktechproduccion.net\/diariosalud.com\/wp-json\/wp\/v2\/comments?post=33183"}],"version-history":[{"count":0,"href":"https:\/\/ktechproduccion.net\/diariosalud.com\/wp-json\/wp\/v2\/posts\/33183\/revisions"}],"wp:featuredmedia":[{"embeddable":true,"href":"https:\/\/ktechproduccion.net\/diariosalud.com\/wp-json\/wp\/v2\/media\/25122"}],"wp:attachment":[{"href":"https:\/\/ktechproduccion.net\/diariosalud.com\/wp-json\/wp\/v2\/media?parent=33183"}],"wp:term":[{"taxonomy":"category","embeddable":true,"href":"https:\/\/ktechproduccion.net\/diariosalud.com\/wp-json\/wp\/v2\/categories?post=33183"},{"taxonomy":"post_tag","embeddable":true,"href":"https:\/\/ktechproduccion.net\/diariosalud.com\/wp-json\/wp\/v2\/tags?post=33183"}],"curies":[{"name":"wp","href":"https:\/\/api.w.org\/{rel}","templated":true}]}}