{"id":33164,"date":"2022-05-26T21:17:02","date_gmt":"2022-05-27T01:17:02","guid":{"rendered":"https:\/\/diariosalud.com\/uncategorized\/ahpsi-realizo-con-exito-su-xvi-congreso-medico-anual-internacional\/"},"modified":"2022-05-26T21:17:02","modified_gmt":"2022-05-27T01:17:02","slug":"ahpsi-realizo-con-exito-su-xvi-congreso-medico-anual-internacional","status":"publish","type":"post","link":"https:\/\/ktechproduccion.net\/diariosalud.com\/ahpsi-realizo-con-exito-su-xvi-congreso-medico-anual-internacional\/","title":{"rendered":"AHPSI realiz\u00f3 con \u00e9xito su XVI Congreso M\u00e9dico Anual Internacional"},"content":{"rendered":"\n<p><em>Autor: DiarioSalud Estudiantil<\/em><\/p>\n\n\n\n<p>La Asociaci\u00f3n Hispana de Profesionales de la Salud (AHPSI) realiz\u00f3 su XVI Congreso M\u00e9dico Internacional Anual el pasado domingo 22 de mayo en el auditorio Cherkasky del Hospital de Montefiore en Nueva York.<\/p>\n\n\n\n<p>El congreso, cuyo tema principal fue \u00abDesaf\u00edos en atenci\u00f3n primaria post COVID-19\u00bb fue desarrollado en modalidad h\u00edbrida, con conferencias transmitidas a trav\u00e9s de la plataforma Zoom, contando con la participaci\u00f3n de m\u00e9dicos especialistas destacados que trataron temas de inter\u00e9s para los participantes profesionales de ciencias de la salud.<\/p>\n\n\n\n<p>El evento fue dedicado al Dr., Marcos Charles Santana y cada entrega, desde hace 6 a\u00f1os incluye un reconocimiento llamado \u2018\u2018Dr. Marcos Charles Santana Health Legacy Award\u2019\u2019 entregado a los profesionales de salud latinos destacados en los EEUU por su trayectoria y aportes a la comunidad. Esta parte del evento gal\u00e9nico fue presentada por el doctor Rafael Lantigua, destacado m\u00e9dico dominicano, quien desde 1999, se ha desempe\u00f1ado como director adjunto del Instituto Taub para la Investigaci\u00f3n de la enfermedad de Alzheimer y el envejecimiento cerebral de la Universidad de Columbia. El sexto premio fue entregado al doctor Pedro Pablo Mar\u00eda, m\u00e9dico dominicano, profesor asociado de urolog\u00eda, director de salud masculina y director del fellowship en urolog\u00eda prot\u00e9sica del hospital de Montefiore.<\/p>\n\n\n\n<p>El doctor Aritmedes Restituyo, presidente de la asociaci\u00f3n, moder\u00f3 la entrega de dos otros premios, el \u2018\u2018Lifetime Community Service Award\u2019\u2019 otorgado al doctor Luis Alberto Matos Gomera y el \u2018\u2018Lifetime outstanding health care professional award\u2019\u2019 entregado al doctor Jose Ruiz, neurocirujano dominicano.<\/p>\n\n\n\n<p>La Asociaci\u00f3n Hispana de Profesionales de la Salud (AHPSI), fundada en 1989, tiene m\u00e1s de 33 a\u00f1os dejando su impacto en la comunidad hispana en los Estados Unidos, brindando un gran apoyo a los inmigrantes profesionales de la salud en el proceso de revalidaci\u00f3n de sus credenciales. Su pr\u00f3ximo evento ser\u00e1 el XX Congreso Internacional M\u00e9dico, que tendr\u00e1 lugar el s\u00e1bado 29 y domingo 30 de 2022 en la ciudad de Filadelfia.<\/p>\n","protected":false},"excerpt":{"rendered":"<p>Autor: DiarioSalud Estudiantil La Asociaci\u00f3n Hispana de Profesionales de la Salud (AHPSI) realiz\u00f3 su XVI Congreso M\u00e9dico Internacional Anual el pasado domingo 22 de mayo en el auditorio Cherkasky del Hospital de Montefiore en Nueva York. El congreso, cuyo tema principal fue \u00abDesaf\u00edos en atenci\u00f3n primaria post COVID-19\u00bb fue desarrollado en modalidad h\u00edbrida, con conferencias [&hellip;]<\/p>\n","protected":false},"author":18,"featured_media":43591,"comment_status":"closed","ping_status":"closed","sticky":false,"template":"","format":"standard","meta":{"_acf_changed":false,"footnotes":""},"categories":[610],"tags":[1433,1563,366,964],"class_list":["post-33164","post","type-post","status-publish","format-standard","has-post-thumbnail","hentry","category-estudiantil","tag-ahpsi","tag-congreso-medico","tag-covid-19","tag-estudiantes-de-medicina"],"acf":[],"_links":{"self":[{"href":"https:\/\/ktechproduccion.net\/diariosalud.com\/wp-json\/wp\/v2\/posts\/33164","targetHints":{"allow":["GET"]}}],"collection":[{"href":"https:\/\/ktechproduccion.net\/diariosalud.com\/wp-json\/wp\/v2\/posts"}],"about":[{"href":"https:\/\/ktechproduccion.net\/diariosalud.com\/wp-json\/wp\/v2\/types\/post"}],"author":[{"embeddable":true,"href":"https:\/\/ktechproduccion.net\/diariosalud.com\/wp-json\/wp\/v2\/users\/18"}],"replies":[{"embeddable":true,"href":"https:\/\/ktechproduccion.net\/diariosalud.com\/wp-json\/wp\/v2\/comments?post=33164"}],"version-history":[{"count":0,"href":"https:\/\/ktechproduccion.net\/diariosalud.com\/wp-json\/wp\/v2\/posts\/33164\/revisions"}],"wp:featuredmedia":[{"embeddable":true,"href":"https:\/\/ktechproduccion.net\/diariosalud.com\/wp-json\/wp\/v2\/media\/43591"}],"wp:attachment":[{"href":"https:\/\/ktechproduccion.net\/diariosalud.com\/wp-json\/wp\/v2\/media?parent=33164"}],"wp:term":[{"taxonomy":"category","embeddable":true,"href":"https:\/\/ktechproduccion.net\/diariosalud.com\/wp-json\/wp\/v2\/categories?post=33164"},{"taxonomy":"post_tag","embeddable":true,"href":"https:\/\/ktechproduccion.net\/diariosalud.com\/wp-json\/wp\/v2\/tags?post=33164"}],"curies":[{"name":"wp","href":"https:\/\/api.w.org\/{rel}","templated":true}]}}