{"id":33159,"date":"2022-05-26T18:22:37","date_gmt":"2022-05-26T22:22:37","guid":{"rendered":"https:\/\/diariosalud.com\/uncategorized\/la-ninez-como-periodo-clave-en-el-desarrollo-de-sonrisas-lindas-y-saludables\/"},"modified":"2022-05-26T18:22:37","modified_gmt":"2022-05-26T22:22:37","slug":"la-ninez-como-periodo-clave-en-el-desarrollo-de-sonrisas-lindas-y-saludables","status":"publish","type":"post","link":"https:\/\/ktechproduccion.net\/diariosalud.com\/la-ninez-como-periodo-clave-en-el-desarrollo-de-sonrisas-lindas-y-saludables\/","title":{"rendered":"La ni\u00f1ez como per\u00edodo clave en el desarrollo de sonrisas lindas y saludables"},"content":{"rendered":"\n<p>Autor: Beatriz Adriana Villanueva Collins<\/p>\n\n\n\n<p>Ortodoncia\/ Ortopedia maxilofacial.<\/p>\n\n\n\n<p>UPAEP\/CME<\/p>\n\n\n\n<p>La boca es parte de nuestro organismo y su salud depende, as\u00ed como el resto de nuestro cuerpo, de los cuidados que le tengamos desde que estamos en periodo de gestaci\u00f3n, y posteriormente, al nacer. Nos mantenemos sanos en general en bases firmes a nuestra alimentaci\u00f3n, higiene, evitar ingesta de productos y substancias da\u00f1inas, manteni\u00e9ndonos en un medio ambiente sano, haciendo ejercicio, y la cavidad bucal, conectada a nuestro cuerpo, va de la mano.<\/p>\n\n\n\n<p>Desde el per\u00edodo de gestaci\u00f3n, el beb\u00e9 depende directamente su mam\u00e1, es ella la que decide directamente que llegar\u00e1 a \u00e9l, despu\u00e9s del nacimiento, en toda la etapa en la que no se pueden valer y tomar decisiones adecuadas por ellos mismos, dependen de todos los adultos que le rodean, de las personas con las que viven, que en su mayor\u00eda son sus padres o familiares cercanos, y son los que deben tomar las mejores decisiones para ellos, para todo, incluyendo, los cuidados bucales.<\/p>\n\n\n\n<p>El peque\u00f1o debe ser educado con los cuidados en la higiene bucal, para as\u00ed, poder disfrutar de una dentadura sana durante su desarrollo y en la edad adulta. Esta educaci\u00f3n incluye las visitas al odont\u00f3logo a edad temprana. Las dudas primeras de los padres son porque sus dientes est\u00e9n limpios y libres de caries, y al iniciar el cambio en su dentici\u00f3n, de temporal a permanente, que sus dientes erupcionen en la posici\u00f3n, forma y lugar correcto, aunado a la posici\u00f3n de sus maxilares. Como padres, es posible detectar alguna anormalidad, pero lo m\u00e1s correcto es acudir con su odont\u00f3logo de confianza o con su especialista.&nbsp;<\/p>\n\n\n\n<p>En mi experiencia personal, en lo que compete a mi especialidad, ortodoncia y ortopedia maxilofacial, me cabe la necesidad de explicar a todos los padres que acudan al especialista con sus peque\u00f1os a edad temprana, en alto porcentaje me llegan al consultorio los peque\u00f1os a una edad avanzada, perdi\u00e9ndose tiempo importante y valioso, se ha pasado el tiempo para poder hacer correcciones importantes que faciliten, acorten, disminuyan los problemas y se pueda llevar en el peque\u00f1o un tratamiento menos complejo, habr\u00e1 soluci\u00f3n, pero una que, de haberse atendido m\u00e1s temprano, el peque\u00f1o, sobre todo, padecer\u00eda menos.<\/p>\n\n\n\n<p>La gran mayor\u00eda de los problemas de salud bucodental, al ser atendidos al inicio del problema, ser\u00e1 mucho mejor para el peque\u00f1o, buscando siempre conservar en lo m\u00e1s posible la integridad dental, de igual forma, todos los problemas de mal posici\u00f3n dental, atendidos a la edad lo m\u00e1s temprano posible, ser\u00e1 ben\u00e9fico en muchos aspectos, como: tratamientos m\u00e1s cortos, menos complicados, menos costosos y con menos dificultades para el paciente, al igual que los problemas de mal posici\u00f3n en los maxilares.<\/p>\n\n\n\n<p>Atiendan a sus peque\u00f1os a edad temprana, y siempre aclaren todas sus dudas en cuanto a los que observen, pensando en que todo siempre se puede solucionar o empezar a hacerlo a edad temprana.<\/p>\n","protected":false},"excerpt":{"rendered":"<p>Autor: Beatriz Adriana Villanueva Collins Ortodoncia\/ Ortopedia maxilofacial. UPAEP\/CME La boca es parte de nuestro organismo y su salud depende, as\u00ed como el resto de nuestro cuerpo, de los cuidados que le tengamos desde que estamos en periodo de gestaci\u00f3n, y posteriormente, al nacer. Nos mantenemos sanos en general en bases firmes a nuestra alimentaci\u00f3n, [&hellip;]<\/p>\n","protected":false},"author":18,"featured_media":43592,"comment_status":"closed","ping_status":"closed","sticky":false,"template":"","format":"standard","meta":{"_acf_changed":false,"footnotes":""},"categories":[610],"tags":[272,93,95,1560],"class_list":["post-33159","post","type-post","status-publish","format-standard","has-post-thumbnail","hentry","category-estudiantil","tag-ninez","tag-odontologia","tag-salud-bucal","tag-sonrisa"],"acf":[],"_links":{"self":[{"href":"https:\/\/ktechproduccion.net\/diariosalud.com\/wp-json\/wp\/v2\/posts\/33159","targetHints":{"allow":["GET"]}}],"collection":[{"href":"https:\/\/ktechproduccion.net\/diariosalud.com\/wp-json\/wp\/v2\/posts"}],"about":[{"href":"https:\/\/ktechproduccion.net\/diariosalud.com\/wp-json\/wp\/v2\/types\/post"}],"author":[{"embeddable":true,"href":"https:\/\/ktechproduccion.net\/diariosalud.com\/wp-json\/wp\/v2\/users\/18"}],"replies":[{"embeddable":true,"href":"https:\/\/ktechproduccion.net\/diariosalud.com\/wp-json\/wp\/v2\/comments?post=33159"}],"version-history":[{"count":0,"href":"https:\/\/ktechproduccion.net\/diariosalud.com\/wp-json\/wp\/v2\/posts\/33159\/revisions"}],"wp:featuredmedia":[{"embeddable":true,"href":"https:\/\/ktechproduccion.net\/diariosalud.com\/wp-json\/wp\/v2\/media\/43592"}],"wp:attachment":[{"href":"https:\/\/ktechproduccion.net\/diariosalud.com\/wp-json\/wp\/v2\/media?parent=33159"}],"wp:term":[{"taxonomy":"category","embeddable":true,"href":"https:\/\/ktechproduccion.net\/diariosalud.com\/wp-json\/wp\/v2\/categories?post=33159"},{"taxonomy":"post_tag","embeddable":true,"href":"https:\/\/ktechproduccion.net\/diariosalud.com\/wp-json\/wp\/v2\/tags?post=33159"}],"curies":[{"name":"wp","href":"https:\/\/api.w.org\/{rel}","templated":true}]}}