{"id":33143,"date":"2022-05-19T19:09:04","date_gmt":"2022-05-19T23:09:04","guid":{"rendered":"https:\/\/diariosalud.com\/uncategorized\/la-ahpsi-te-invita-a-su-congreso-medico-internacional-anual-este-proximo-domingo-22-de-mayo\/"},"modified":"2022-05-19T19:09:04","modified_gmt":"2022-05-19T23:09:04","slug":"la-ahpsi-te-invita-a-su-congreso-medico-internacional-anual-este-proximo-domingo-22-de-mayo","status":"publish","type":"post","link":"https:\/\/ktechproduccion.net\/diariosalud.com\/la-ahpsi-te-invita-a-su-congreso-medico-internacional-anual-este-proximo-domingo-22-de-mayo\/","title":{"rendered":"La AHPSI te invita a su Congreso M\u00e9dico Internacional Anual este pr\u00f3ximo domingo 22 de mayo"},"content":{"rendered":"\n<p><em>Autor: Redacci\u00f3n DiaroSalud Estudiantil&nbsp;<\/em><\/p>\n\n\n\n<p>La Asociaci\u00f3n Hispana de Profesionales de la Salud (AHPSI), con m\u00e1s de 33 a\u00f1os dejando su impacto en la comunidad hispana en los Estados Unidos, invita a sus miembros profesionales de la salud, por primera vez despu\u00e9s de la pandemia de la COVID-19, a participar en el XVI Congreso M\u00e9dico Internacional Anual, que ser\u00e1 celebrado el pr\u00f3ximo domingo 22 de mayo 2022, en horario de 8\u202fam-4\u202fpm y ser\u00e1 realizado en el auditorio Cherkasky, del Hospital Montefiore en el Bronx, Ciudad de Nueva York.<\/p>\n\n\n\n<p>Este congreso ser\u00e1 una gran oportunidad de networking para profesionales de ciencias de la salud y estudiantes que deseen integrarse al sistema estadounidense, as\u00ed como tambi\u00e9n ganar conocimiento sobre las oportunidades que existen para ellos poder lograr sus objetivos. La asistencia de manera presencial tendr\u00e1 un costo de 50 USD para los profesionales de salud y 25 USD para los estudiantes.&nbsp;<\/p>\n\n\n\n<p>La proyecci\u00f3n de forma online ser\u00e1 a trav\u00e9s de la plataforma Zoom, para esto, la asociaci\u00f3n AHPSI comparti\u00f3 su c\u00f3digo&nbsp;876 7796 3458 disponible en el enlace:&nbsp;<a href=\"https:\/\/us02web.zoom.us\/j\/87677963458\">https:\/\/us02web.zoom.us\/j\/87677963458<\/a>. El certificado de participaci\u00f3n costar\u00e1 25 d\u00f3lares para los asistentes del evento a trav\u00e9s de la conferencia virtual.<\/p>\n\n\n\n<p>El tema principal de esta edici\u00f3n ser\u00e1 \u00abDesaf\u00edos en atenci\u00f3n primaria post COVID-19\u00bb. Tambi\u00e9n ser\u00e1n tratados otros t\u00f3picos como:&nbsp;<\/p>\n\n\n\n<ul class=\"wp-block-list\"><li>\u00bfC\u00f3mo preparar los ex\u00e1menes USMLE y NCLEX-RN?&nbsp;<\/li><li>Servicios de telesalud y atenci\u00f3n virtual.<\/li><li>Garantizar la equidad en salud durante las pandemias.&nbsp;<\/li><li>Acortamiento de personal de la salud: Enfermeras y M\u00e9dicos.<\/li><li>Actualizaci\u00f3n en trastornos comunes en atenci\u00f3n primaria.<\/li><li>Salud en la poblaci\u00f3n latina.&nbsp;<\/li><\/ul>\n\n\n\n<p>Conferencistas invitados:<\/p>\n\n\n\n<ul class=\"wp-block-list\"><li>Dr. El\u00edas Otoniel P\u00e9rez Gonz\u00e1lez, Rep\u00fablica Dominicana.<\/li><li>Dra. Pela Rosenbaum, Holanda.<\/li><li>Dr. Joel Benitez, Per\u00fa.<\/li><li>Dr. Pedro Pablo Maria, Nueva York.<\/li><li>Dra. Aledy Moreta, DDS, Philadelphia.<\/li><\/ul>\n\n\n\n<p><strong>Inscripciones a trav\u00e9s del siguiente enlace: <\/strong><a href=\"http:\/\/shorturl.at\/fgG07\" target=\"_blank\" rel=\"noreferrer noopener\">shorturl.at\/fgG07 <\/a><\/p>\n","protected":false},"excerpt":{"rendered":"<p>Autor: Redacci\u00f3n DiaroSalud Estudiantil&nbsp; La Asociaci\u00f3n Hispana de Profesionales de la Salud (AHPSI), con m\u00e1s de 33 a\u00f1os dejando su impacto en la comunidad hispana en los Estados Unidos, invita a sus miembros profesionales de la salud, por primera vez despu\u00e9s de la pandemia de la COVID-19, a participar en el XVI Congreso M\u00e9dico Internacional [&hellip;]<\/p>\n","protected":false},"author":18,"featured_media":43579,"comment_status":"closed","ping_status":"closed","sticky":false,"template":"","format":"standard","meta":{"_acf_changed":false,"footnotes":""},"categories":[610],"tags":[1538,964,934],"class_list":["post-33143","post","type-post","status-publish","format-standard","has-post-thumbnail","hentry","category-estudiantil","tag-congreso","tag-estudiantes-de-medicina","tag-profesionales-de-salud"],"acf":[],"_links":{"self":[{"href":"https:\/\/ktechproduccion.net\/diariosalud.com\/wp-json\/wp\/v2\/posts\/33143","targetHints":{"allow":["GET"]}}],"collection":[{"href":"https:\/\/ktechproduccion.net\/diariosalud.com\/wp-json\/wp\/v2\/posts"}],"about":[{"href":"https:\/\/ktechproduccion.net\/diariosalud.com\/wp-json\/wp\/v2\/types\/post"}],"author":[{"embeddable":true,"href":"https:\/\/ktechproduccion.net\/diariosalud.com\/wp-json\/wp\/v2\/users\/18"}],"replies":[{"embeddable":true,"href":"https:\/\/ktechproduccion.net\/diariosalud.com\/wp-json\/wp\/v2\/comments?post=33143"}],"version-history":[{"count":0,"href":"https:\/\/ktechproduccion.net\/diariosalud.com\/wp-json\/wp\/v2\/posts\/33143\/revisions"}],"wp:featuredmedia":[{"embeddable":true,"href":"https:\/\/ktechproduccion.net\/diariosalud.com\/wp-json\/wp\/v2\/media\/43579"}],"wp:attachment":[{"href":"https:\/\/ktechproduccion.net\/diariosalud.com\/wp-json\/wp\/v2\/media?parent=33143"}],"wp:term":[{"taxonomy":"category","embeddable":true,"href":"https:\/\/ktechproduccion.net\/diariosalud.com\/wp-json\/wp\/v2\/categories?post=33143"},{"taxonomy":"post_tag","embeddable":true,"href":"https:\/\/ktechproduccion.net\/diariosalud.com\/wp-json\/wp\/v2\/tags?post=33143"}],"curies":[{"name":"wp","href":"https:\/\/api.w.org\/{rel}","templated":true}]}}