{"id":33132,"date":"2022-05-17T00:58:34","date_gmt":"2022-05-17T04:58:34","guid":{"rendered":"https:\/\/diariosalud.com\/uncategorized\/los-pediatras-llaman-a-reconectar-los-ninos-con-la-naturaleza\/"},"modified":"2022-05-17T00:58:34","modified_gmt":"2022-05-17T04:58:34","slug":"los-pediatras-llaman-a-reconectar-los-ninos-con-la-naturaleza","status":"publish","type":"post","link":"https:\/\/ktechproduccion.net\/diariosalud.com\/los-pediatras-llaman-a-reconectar-los-ninos-con-la-naturaleza\/","title":{"rendered":"Los pediatras llaman a reconectar los ni\u00f1os con la naturaleza"},"content":{"rendered":"\n<p><em>Hay un n\u00famero creciente de enfermedades en la infancia asociadas a la contaminaci\u00f3n. Concretamente un entorno poco verde puede afectar a su desarrollo neuroconductual, inmunitario y sexual. Los pediatras espa\u00f1oles dan la voz de alarma y defienden que es cada vez m\u00e1s urgente reconectar a los ni\u00f1os con la madre naturaleza.<\/em><\/p>\n\n\n\n<p>La \u00aburgencia de prescribir naturaleza\u00bb la ha defendido el doctor&nbsp;Juan Antonio Ortega Garc\u00eda, presidente del Comit\u00e9 de Salud Medioambiental de la Asociaci\u00f3n Espa\u00f1ola de Pediatr\u00eda (AEP), en el acto de presentaci\u00f3n del programa Healthy Cities, de Sanitas, una iniciativa que busca, por s\u00e9ptimo a\u00f1o consecutivo, la promoci\u00f3n de h\u00e1bitos de vida saludables y propone soluciones de regeneraci\u00f3n urbana.<\/p>\n\n\n\n<p>Se estima que un&nbsp;m\u00ednimo de 6.000 pasos al d\u00eda permite gastar 150 kilocalor\u00edas, pero \u00e9ste es el m\u00ednimo para lograr una mejora de la salud y si es en espacios verdes, mejor, porque el contacto con la naturaleza supone a todas luces, una mejora para nuestra salud f\u00edsica y mental.<\/p>\n\n\n\n<p class=\"has-text-align-center\" style=\"font-size:28px\"><strong><em>\u00abUnos de los servicios de naturaleza es donde tambi\u00e9n los enfermos cr\u00f3nicos puedan rehabilitarse, recuperar su bienestar y reencontrarse con ellos mismos\u00bb.<\/em><\/strong><\/p>\n\n\n\n<p>Seg\u00fan los datos del Proyecto BREATHE, del Instituto de Salud Global de Barcelona (ISGlobal), IDAEA-CSIC y NEUROVOXEL (Hospital Del Mar.),&nbsp;casi todos los reci\u00e9n nacidos en cualquier lugar del mundo presentan niveles detectables de compuestos org\u00e1nicos persistentes y las mayores amenazas&nbsp;se encuentran en los lugares que deber\u00edan ser m\u00e1s seguros: hogares, escuelas y comunidades de desarrollo.&nbsp;<\/p>\n\n\n\n<p>En los pa\u00edses en v\u00edas de desarrollo esto se hace m\u00e1s evidente que en los pa\u00edses industrializados, d\u00f3nde el grado de contaminaci\u00f3n es mucho menor y sus efectos son mucho m\u00e1s sutiles.<\/p>\n\n\n\n<p> \u00abA pesar de que el&nbsp;impacto de las exposiciones ambientales en el desarrollo de los ni\u00f1os es muy amplio, se pueden manifestar a trav\u00e9s de retraso del crecimiento intrauterino, malformaciones cong\u00e9nitas, problemas de crecimiento, d\u00e9ficits funcionales (neuroconductuales, inmunol\u00f3gicos, reproductivos) y mayor predisposici\u00f3n al desarrollo de enfermedades cr\u00f3nicas en la vida adulta, tales como diabetes, enfermedad cardiovascular o c\u00e1ncer\u00bb, explic\u00f3 Ortega Garc\u00eda. <\/p>\n\n\n\n<p>Por lo que recomienda que \u00ablos pediatras prescriban naturaleza. Los ni\u00f1os deber\u00edan estar al menos una hora al d\u00eda en contacto con zonas verdes. Los beneficios son enormes, entre ellos; se produce una mejora de la memoria, mejor agudeza visual, disminuye el cortisol y el exceso de peso\u00bb. <\/p>\n\n\n\n<p>EFE Salud <\/p>\n","protected":false},"excerpt":{"rendered":"<p>Hay un n\u00famero creciente de enfermedades en la infancia asociadas a la contaminaci\u00f3n. Concretamente un entorno poco verde puede afectar a su desarrollo neuroconductual, inmunitario y sexual. Los pediatras espa\u00f1oles dan la voz de alarma y defienden que es cada vez m\u00e1s urgente reconectar a los ni\u00f1os con la madre naturaleza. La \u00aburgencia de prescribir [&hellip;]<\/p>\n","protected":false},"author":18,"featured_media":25003,"comment_status":"closed","ping_status":"closed","sticky":false,"template":"","format":"standard","meta":{"_acf_changed":false,"footnotes":""},"categories":[551],"tags":[1401,1518,92],"class_list":["post-33132","post","type-post","status-publish","format-standard","has-post-thumbnail","hentry","category-noticias","tag-medioambiente","tag-ninos","tag-salud"],"acf":[],"_links":{"self":[{"href":"https:\/\/ktechproduccion.net\/diariosalud.com\/wp-json\/wp\/v2\/posts\/33132","targetHints":{"allow":["GET"]}}],"collection":[{"href":"https:\/\/ktechproduccion.net\/diariosalud.com\/wp-json\/wp\/v2\/posts"}],"about":[{"href":"https:\/\/ktechproduccion.net\/diariosalud.com\/wp-json\/wp\/v2\/types\/post"}],"author":[{"embeddable":true,"href":"https:\/\/ktechproduccion.net\/diariosalud.com\/wp-json\/wp\/v2\/users\/18"}],"replies":[{"embeddable":true,"href":"https:\/\/ktechproduccion.net\/diariosalud.com\/wp-json\/wp\/v2\/comments?post=33132"}],"version-history":[{"count":0,"href":"https:\/\/ktechproduccion.net\/diariosalud.com\/wp-json\/wp\/v2\/posts\/33132\/revisions"}],"wp:featuredmedia":[{"embeddable":true,"href":"https:\/\/ktechproduccion.net\/diariosalud.com\/wp-json\/wp\/v2\/media\/25003"}],"wp:attachment":[{"href":"https:\/\/ktechproduccion.net\/diariosalud.com\/wp-json\/wp\/v2\/media?parent=33132"}],"wp:term":[{"taxonomy":"category","embeddable":true,"href":"https:\/\/ktechproduccion.net\/diariosalud.com\/wp-json\/wp\/v2\/categories?post=33132"},{"taxonomy":"post_tag","embeddable":true,"href":"https:\/\/ktechproduccion.net\/diariosalud.com\/wp-json\/wp\/v2\/tags?post=33132"}],"curies":[{"name":"wp","href":"https:\/\/api.w.org\/{rel}","templated":true}]}}