{"id":33130,"date":"2022-05-16T14:19:03","date_gmt":"2022-05-16T18:19:03","guid":{"rendered":"https:\/\/diariosalud.com\/uncategorized\/un-nuevo-hallazgo-que-rejuvenece-el-cerebro-y-la-memoria\/"},"modified":"2022-05-16T14:19:03","modified_gmt":"2022-05-16T18:19:03","slug":"un-nuevo-hallazgo-que-rejuvenece-el-cerebro-y-la-memoria","status":"publish","type":"post","link":"https:\/\/ktechproduccion.net\/diariosalud.com\/un-nuevo-hallazgo-que-rejuvenece-el-cerebro-y-la-memoria\/","title":{"rendered":"Un nuevo hallazgo que rejuvenece el cerebro y la memoria"},"content":{"rendered":"\n<p><em>Se trata de una<\/em> <em>mol\u00e9cula descubierta por cient\u00edficos de los Estados Unidos y es el resultado de la b\u00fasqueda de una cura contra el Alzheimer.<\/em><\/p>\n\n\n\n<p>El estudio publicado en la revista <strong>Nature<\/strong> y llevado a cabo por varias universidades de&nbsp;Estados Unidos,&nbsp;ha demostrado a trav\u00e9s del uso de ratones que una&nbsp;prote\u00edna&nbsp;del sistema nervioso es capaz de&nbsp;rejuvenecer&nbsp;los&nbsp;cerebros envejecidos&nbsp;y consigue recuperar parte de la&nbsp;memoria.<\/p>\n\n\n\n<p>El equipo de cient\u00edficos, liderado por el neurocient\u00edfico de la Universidad de Standford,&nbsp;Tony Wyss-Coray, transfiri\u00f3 l\u00edquido cefalorraqu\u00eddeo, una sustancia que se encuentra en el cerebro y la m\u00e9dula espinal de ratones j\u00f3venes a otros m\u00e1s viejos. El resultado fue una mejora en la conductividad de las&nbsp;neuronas&nbsp;de los ratones envejecidos. Es decir, una mejora en su memoria.<\/p>\n\n\n\n<h2 class=\"has-black-color has-text-color has-medium-font-size wp-block-heading\">La prote\u00edna&nbsp;Fgf17<\/h2>\n\n\n\n<p>El estudio es un avence preliminar y sugiere que las mejoras observadas en los ratones envejecidos se deben a una&nbsp;prote\u00edna&nbsp;espec\u00edfica del l\u00edquido cefalorraqu\u00eddeo&nbsp;capaz de activar la producci\u00f3n de oligodendrocitos, un tipo de c\u00e9lulas que forman la capa que protege las c\u00e9lulas nerviosas, por s\u00ed sola.&nbsp;<\/p>\n\n\n\n<p>As\u00ed, la prote\u00edna Fgf17 podr\u00eda ser clave en un posible&nbsp;tratamiento<strong>&nbsp;<\/strong>contra enfermedades neurodegenerativas, gracias a sus posibles propiedades rejuvenecedoras.<\/p>\n\n\n\n<h2 class=\"has-black-color has-text-color has-medium-font-size wp-block-heading\">Aplicaciones terap\u00e9uticas<\/h2>\n\n\n\n<p>Mar\u00eda Lehtinen, neurobi\u00f3loga del Boston Children &#8216;s Hospital en Massachusetts, asegura en el ensayo publicado por&nbsp;<em>Nature&nbsp;<\/em>que este hallazgo no solo es \u201cs\u00faper emocionante desde la perspectiva de la ciencia b\u00e1sica, sino tambi\u00e9n desde la perspectiva de las aplicaciones terap\u00e9uticas\u201d.<\/p>\n\n\n\n<p>Por su parte, Wyss-Coray se\u00f1ala que la implicaci\u00f3n m\u00e1s importante de este estudio es que \u201cel cerebro todav\u00eda es&nbsp;moldeable\u201d y que hay formas \u201cde mejorar su funci\u00f3n\u201d.&nbsp;<\/p>\n\n\n\n<p>El art\u00edculo se encuentra en <a href=\"https:\/\/www.nature.com\/articles\/s41586-022-04722-0\">www.nature.com<\/a><\/p>\n","protected":false},"excerpt":{"rendered":"<p>Se trata de una mol\u00e9cula descubierta por cient\u00edficos de los Estados Unidos y es el resultado de la b\u00fasqueda de una cura contra el Alzheimer. El estudio publicado en la revista Nature y llevado a cabo por varias universidades de&nbsp;Estados Unidos,&nbsp;ha demostrado a trav\u00e9s del uso de ratones que una&nbsp;prote\u00edna&nbsp;del sistema nervioso es capaz de&nbsp;rejuvenecer&nbsp;los&nbsp;cerebros [&hellip;]<\/p>\n","protected":false},"author":18,"featured_media":24999,"comment_status":"closed","ping_status":"closed","sticky":false,"template":"","format":"standard","meta":{"_acf_changed":false,"footnotes":""},"categories":[551],"tags":[1015,118],"class_list":["post-33130","post","type-post","status-publish","format-standard","has-post-thumbnail","hentry","category-noticias","tag-ciencia","tag-neurologia"],"acf":[],"_links":{"self":[{"href":"https:\/\/ktechproduccion.net\/diariosalud.com\/wp-json\/wp\/v2\/posts\/33130","targetHints":{"allow":["GET"]}}],"collection":[{"href":"https:\/\/ktechproduccion.net\/diariosalud.com\/wp-json\/wp\/v2\/posts"}],"about":[{"href":"https:\/\/ktechproduccion.net\/diariosalud.com\/wp-json\/wp\/v2\/types\/post"}],"author":[{"embeddable":true,"href":"https:\/\/ktechproduccion.net\/diariosalud.com\/wp-json\/wp\/v2\/users\/18"}],"replies":[{"embeddable":true,"href":"https:\/\/ktechproduccion.net\/diariosalud.com\/wp-json\/wp\/v2\/comments?post=33130"}],"version-history":[{"count":0,"href":"https:\/\/ktechproduccion.net\/diariosalud.com\/wp-json\/wp\/v2\/posts\/33130\/revisions"}],"wp:featuredmedia":[{"embeddable":true,"href":"https:\/\/ktechproduccion.net\/diariosalud.com\/wp-json\/wp\/v2\/media\/24999"}],"wp:attachment":[{"href":"https:\/\/ktechproduccion.net\/diariosalud.com\/wp-json\/wp\/v2\/media?parent=33130"}],"wp:term":[{"taxonomy":"category","embeddable":true,"href":"https:\/\/ktechproduccion.net\/diariosalud.com\/wp-json\/wp\/v2\/categories?post=33130"},{"taxonomy":"post_tag","embeddable":true,"href":"https:\/\/ktechproduccion.net\/diariosalud.com\/wp-json\/wp\/v2\/tags?post=33130"}],"curies":[{"name":"wp","href":"https:\/\/api.w.org\/{rel}","templated":true}]}}