{"id":33099,"date":"2022-05-03T19:30:03","date_gmt":"2022-05-03T23:30:03","guid":{"rendered":"https:\/\/diariosalud.com\/uncategorized\/asma-vs-disfuncion-de-las-cuerdas-vocales-cual-es-la-diferencia\/"},"modified":"2022-05-03T19:30:03","modified_gmt":"2022-05-03T23:30:03","slug":"asma-vs-disfuncion-de-las-cuerdas-vocales-cual-es-la-diferencia","status":"publish","type":"post","link":"https:\/\/ktechproduccion.net\/diariosalud.com\/asma-vs-disfuncion-de-las-cuerdas-vocales-cual-es-la-diferencia\/","title":{"rendered":"Asma vs disfunci\u00f3n de las cuerdas vocales, \u00bfCu\u00e1l es la diferencia?"},"content":{"rendered":"\n<p><em>Cada primer martes de mayo se celebra&nbsp;el D\u00eda Mundial del Asma, con el objetivo de involucrar a estos  pacientes en la atenci\u00f3n, prevenci\u00f3n y control del asma. <\/em><\/p>\n\n\n\n<p>El especialista de asma y alergia, James Li, explic\u00f3 en un art\u00edculo publicado en el portal de Mayo Clinic, la diferencia entre la disfunci\u00f3n de las cuerdas vocales y el asma, ya que tanto el asma como la disfunci\u00f3n de las cuerdas vocales pueden dificultar la respiraci\u00f3n y tienden a confundirse sus signos. <\/p>\n\n\n\n<p>Sobre los s\u00edntomas y signos que comparten ambas afecciones, James Li describe que \u00abcualquiera de las dos afecciones pueden incluir tos, sibilancias, opresi\u00f3n en la garganta y ronquera, pero son dos trastornos distintos\u00bb.<\/p>\n\n\n\n<p>James Li, quien adem\u00e1s es presidente de la Divisi\u00f3n de Enfermedades Al\u00e9rgicas del Departamento de Medicina Interna en la Cl\u00ednica Mayo, indica que la disfunci\u00f3n de las cuerdas vocales, es el cierre anormal de las cuerdas vocales al inhalar o exhalar. <\/p>\n\n\n\n<p class=\"has-text-align-center has-vivid-cyan-blue-color has-text-color\" style=\"font-size:30px\">\u00ab<strong><em>Algunas personas tienen tanto disfunci\u00f3n de las cuerdas vocales como asma, y requieren tratamiento para ambas afecciones\u00bb<\/em><\/strong>. <strong>James<\/strong> <strong>Li <\/strong><\/p>\n\n\n\n<p>\u00abSe llama disfunci\u00f3n lar\u00edngea, trastorno de movimiento parad\u00f3jico de las cuerdas vocales o movimiento parad\u00f3jico de las cuerdas vocales. Al igual que el asma, la disfunci\u00f3n de las cuerdas vocales puede desencadenarse por la inhalaci\u00f3n de irritantes pulmonares, una infecci\u00f3n de las v\u00edas respiratorias superiores o el ejercicio\u00bb, explica el especialista de la Cl\u00ednica Mayo. <\/p>\n\n\n\n<p>Sin embargo, Li dice que a diferencia del asma, la disfunci\u00f3n de las cuerdas vocales no es una reacci\u00f3n del sistema inmunitario y no afecta a las v\u00edas respiratorias inferiores, por lo que el tratamiento para las dos afecciones tambi\u00e9n es diferente.<\/p>\n\n\n\n<p>\u00a1<strong>Se\u00f1ales para los m\u00e9dicos!<\/strong><\/p>\n\n\n\n<p>El especialista en alergias detalla que el m\u00e9dico puede sospechar de una disfunci\u00f3n de las cuerdas vocales en lugar de asma, si ocurre lo siguiente:<\/p>\n\n\n\n<ul class=\"wp-block-list\"><li>Es m\u00e1s dif\u00edcil inhalar que exhalar cuando los s\u00edntomas se recrudecen.<\/li><li>Los medicamentos para el asma no parecen aliviar los s\u00edntomas.<\/li><\/ul>\n\n\n\n<p>Li detalla que como tienen desencadenantes y s\u00edntomas similares, es com\u00fan que la disfunci\u00f3n de las cuerdas vocales sea mal diagnosticada como asma y, que esto pueda llevar al uso de medicamentos para el asma que no ayudan y causar efectos secundarios. <\/p>\n\n\n\n<p>As\u00ed que el doctor concluye recomendando que \u00abel tratamiento de la disfunci\u00f3n de las cuerdas vocales puede incluir ejercicios especiales de respiraci\u00f3n llamados maniobras de respiraci\u00f3n, terapia del habla, biorretroalimentaci\u00f3n y evitar los agentes irritantes\u00bb.<\/p>\n\n\n\n<p>Fuente: Cl\u00ednica Mayo <\/p>\n\n\n\n<p><\/p>\n","protected":false},"excerpt":{"rendered":"<p>Cada primer martes de mayo se celebra&nbsp;el D\u00eda Mundial del Asma, con el objetivo de involucrar a estos pacientes en la atenci\u00f3n, prevenci\u00f3n y control del asma. El especialista de asma y alergia, James Li, explic\u00f3 en un art\u00edculo publicado en el portal de Mayo Clinic, la diferencia entre la disfunci\u00f3n de las cuerdas vocales [&hellip;]<\/p>\n","protected":false},"author":18,"featured_media":43570,"comment_status":"closed","ping_status":"closed","sticky":false,"template":"","format":"standard","meta":{"_acf_changed":false,"footnotes":""},"categories":[551],"tags":[1492,1493,1494],"class_list":["post-33099","post","type-post","status-publish","format-standard","has-post-thumbnail","hentry","category-noticias","tag-diamundialdelasma","tag-diferencias","tag-sintomasysignos"],"acf":[],"_links":{"self":[{"href":"https:\/\/ktechproduccion.net\/diariosalud.com\/wp-json\/wp\/v2\/posts\/33099","targetHints":{"allow":["GET"]}}],"collection":[{"href":"https:\/\/ktechproduccion.net\/diariosalud.com\/wp-json\/wp\/v2\/posts"}],"about":[{"href":"https:\/\/ktechproduccion.net\/diariosalud.com\/wp-json\/wp\/v2\/types\/post"}],"author":[{"embeddable":true,"href":"https:\/\/ktechproduccion.net\/diariosalud.com\/wp-json\/wp\/v2\/users\/18"}],"replies":[{"embeddable":true,"href":"https:\/\/ktechproduccion.net\/diariosalud.com\/wp-json\/wp\/v2\/comments?post=33099"}],"version-history":[{"count":0,"href":"https:\/\/ktechproduccion.net\/diariosalud.com\/wp-json\/wp\/v2\/posts\/33099\/revisions"}],"wp:featuredmedia":[{"embeddable":true,"href":"https:\/\/ktechproduccion.net\/diariosalud.com\/wp-json\/wp\/v2\/media\/43570"}],"wp:attachment":[{"href":"https:\/\/ktechproduccion.net\/diariosalud.com\/wp-json\/wp\/v2\/media?parent=33099"}],"wp:term":[{"taxonomy":"category","embeddable":true,"href":"https:\/\/ktechproduccion.net\/diariosalud.com\/wp-json\/wp\/v2\/categories?post=33099"},{"taxonomy":"post_tag","embeddable":true,"href":"https:\/\/ktechproduccion.net\/diariosalud.com\/wp-json\/wp\/v2\/tags?post=33099"}],"curies":[{"name":"wp","href":"https:\/\/api.w.org\/{rel}","templated":true}]}}