{"id":33081,"date":"2022-04-27T01:19:59","date_gmt":"2022-04-27T05:19:59","guid":{"rendered":"https:\/\/diariosalud.com\/uncategorized\/adenovirus-tipo-f41-posible-causa-de-la-hepatitis-aguda\/"},"modified":"2022-04-27T01:19:59","modified_gmt":"2022-04-27T05:19:59","slug":"adenovirus-tipo-f41-posible-causa-de-la-hepatitis-aguda","status":"publish","type":"post","link":"https:\/\/ktechproduccion.net\/diariosalud.com\/adenovirus-tipo-f41-posible-causa-de-la-hepatitis-aguda\/","title":{"rendered":"\u00bfAdenovirus tipo F41? Posible causa de los casos de hepatitis aguda"},"content":{"rendered":"\n<p><em>Durante la Conferencia Sobre COVID-19 y otros problemas de salud mundial, la Organizaci\u00f3n Mundial de la Salud debati\u00f3 hoy que las causas de los casos registrados de hepatitis aguda, a\u00fan se encuentran bajo investigaci\u00f3n activa, sin embargo podr\u00eda haber una conexi\u00f3n con un adenovirus tipo F41.<\/em>&nbsp;<\/p>\n\n\n\n<p>El director general de la OMS, Tedros Adhanom Ghebreyesus dijo hoy que se ha detectado adenovirus en al menos 74 casos y se est\u00e1n explorando esta y otras hip\u00f3tesis.<\/p>\n\n\n\n<p>Ghebreyesus explic\u00f3 que la OMS est\u00e1 trabajando en estrecha colaboraci\u00f3n con el Centro Europeo para la Prevenci\u00f3n y el Control de Enfermedades y los pa\u00edses afectados,&nbsp; para apoyar las investigaciones en curso, incluidas las pruebas de laboratorio adicionales.<\/p>\n\n\n\n<p><strong>Causas a\u00fan inciertas&nbsp;<\/strong><\/p>\n\n\n\n<p>\u201cLas investigaciones contin\u00faan en los casos que fueron registrados y en los nuevos casos que est\u00e1n siendo registrados, as\u00ed como en los pa\u00edses que est\u00e1n comenzando a registrar casos de hepatitis aguda\u201d, explic\u00f3 la doctora Philippe Duneton, directora del Unitaid en el marco de la conferencia.&nbsp;<\/p>\n\n\n\n<p>La doctora Philippe Duneton detall\u00f3 que \u201caparentemente no se trata de ninguno de los virus comunes, es decir, los virus que producen la hepatitis A, B,C o E, ya que estos virus que causan estas enfermedades, no sean registrado en los casos de hepatitis aguda y por lo visto en ninguna de las bacterias que provoca la gastroenteritis en los ni\u00f1os se ha observado tampoco\u201d.&nbsp;<\/p>\n\n\n\n<p>Adem\u00e1s, seg\u00fan afirm\u00f3, parece no tener ninguna conexi\u00f3n con ning\u00fan alimento espec\u00edfico o un factor externo, como por ejemplo un viaje y, no parece tener ninguna correlaci\u00f3n con la vacunaci\u00f3n anticovid, de hecho, muchos de esos ni\u00f1os detectados no hab\u00edan sido vacunados contra el covid-19.&nbsp;<\/p>\n\n\n\n<p>Philippe Duneton describi\u00f3 que \u201clos adenovirus son virus comunes que se pueden propagar de una persona a otra y que pueden causar gastroenteritis especialmente en los ni\u00f1os, a pesar de que este adenovirus, no suele provocar estos s\u00edntomas\u201d .&nbsp;<\/p>\n\n\n\n<p>Por esa raz\u00f3n siguen investigando de forma activa las causas del brote y dice \u201cestamos procediendo a realizar diferentes pruebas, para identificar las causas de la\u00a0 infecci\u00f3n y tratar de aplicarlo en los 12 pa\u00edses que hasta ahora se han reportado\u201d, concluy\u00f3 la directora del Unitaid.\u00a0 \u00a0<\/p>\n","protected":false},"excerpt":{"rendered":"<p>Durante la Conferencia Sobre COVID-19 y otros problemas de salud mundial, la Organizaci\u00f3n Mundial de la Salud debati\u00f3 hoy que las causas de los casos registrados de hepatitis aguda, a\u00fan se encuentran bajo investigaci\u00f3n activa, sin embargo podr\u00eda haber una conexi\u00f3n con un adenovirus tipo F41.&nbsp; El director general de la OMS, Tedros Adhanom Ghebreyesus [&hellip;]<\/p>\n","protected":false},"author":18,"featured_media":43556,"comment_status":"closed","ping_status":"closed","sticky":false,"template":"","format":"standard","meta":{"_acf_changed":false,"footnotes":""},"categories":[551],"tags":[1448,1096,352],"class_list":["post-33081","post","type-post","status-publish","format-standard","has-post-thumbnail","hentry","category-noticias","tag-adenovirusf41","tag-hepatitis","tag-oms"],"acf":[],"_links":{"self":[{"href":"https:\/\/ktechproduccion.net\/diariosalud.com\/wp-json\/wp\/v2\/posts\/33081","targetHints":{"allow":["GET"]}}],"collection":[{"href":"https:\/\/ktechproduccion.net\/diariosalud.com\/wp-json\/wp\/v2\/posts"}],"about":[{"href":"https:\/\/ktechproduccion.net\/diariosalud.com\/wp-json\/wp\/v2\/types\/post"}],"author":[{"embeddable":true,"href":"https:\/\/ktechproduccion.net\/diariosalud.com\/wp-json\/wp\/v2\/users\/18"}],"replies":[{"embeddable":true,"href":"https:\/\/ktechproduccion.net\/diariosalud.com\/wp-json\/wp\/v2\/comments?post=33081"}],"version-history":[{"count":0,"href":"https:\/\/ktechproduccion.net\/diariosalud.com\/wp-json\/wp\/v2\/posts\/33081\/revisions"}],"wp:featuredmedia":[{"embeddable":true,"href":"https:\/\/ktechproduccion.net\/diariosalud.com\/wp-json\/wp\/v2\/media\/43556"}],"wp:attachment":[{"href":"https:\/\/ktechproduccion.net\/diariosalud.com\/wp-json\/wp\/v2\/media?parent=33081"}],"wp:term":[{"taxonomy":"category","embeddable":true,"href":"https:\/\/ktechproduccion.net\/diariosalud.com\/wp-json\/wp\/v2\/categories?post=33081"},{"taxonomy":"post_tag","embeddable":true,"href":"https:\/\/ktechproduccion.net\/diariosalud.com\/wp-json\/wp\/v2\/tags?post=33081"}],"curies":[{"name":"wp","href":"https:\/\/api.w.org\/{rel}","templated":true}]}}