{"id":33079,"date":"2022-04-26T13:44:35","date_gmt":"2022-04-26T17:44:35","guid":{"rendered":"https:\/\/diariosalud.com\/uncategorized\/barcelona-health-hub-realizara-evento-que-conecta-los-ecosistemas-de-salud-digital-de-europa-y-america-latina\/"},"modified":"2022-04-26T13:44:35","modified_gmt":"2022-04-26T17:44:35","slug":"barcelona-health-hub-realizara-evento-que-conecta-los-ecosistemas-de-salud-digital-de-europa-y-america-latina","status":"publish","type":"post","link":"https:\/\/ktechproduccion.net\/diariosalud.com\/barcelona-health-hub-realizara-evento-que-conecta-los-ecosistemas-de-salud-digital-de-europa-y-america-latina\/","title":{"rendered":"Barcelona Health Hub realizar\u00e1 evento que conecta los ecosistemas de salud digital de Europa y Am\u00e9rica Latina"},"content":{"rendered":"\n<p><em>De la mano del Barcelona Health Hub, una asociaci\u00f3n sin fines de lucros, se realizar\u00e1 la segunda edici\u00f3n del #BHHSummit Iberoam\u00e9rica,\u00a0el cual tendr\u00e1 lugar el 11 de<\/em> <em>mayo, de 15:00 a 20:00 (hora de Europa). <\/em><\/p>\n\n\n\n<p>Con el keynote <em><strong>Farmas &amp; Tecnolog\u00eda: un binomio para aportar valor<\/strong><\/em>, el Barcelona Health Hub presentar\u00e1 la segunda edici\u00f3n del <em>#BHHSummit Iberoam\u00e9rica<\/em>; un evento que busca explorar las nuevas tendencias en la revoluci\u00f3n digital de la pharma, para potenciar las farmacias independientes en Latinoamerica a trav\u00e9s del ecosistema digital: Labbi. <\/p>\n\n\n\n<p>El evento busca, adem\u00e1s, exponer c\u00f3mo las\u00a0nuevas tecnolog\u00edas\u00a0est\u00e1n influyendo en la industria farmac\u00e9utica y se sumergen en los\u00a0casos de \u00e9xito\u00a0de salud digital. As\u00ed como compartir las\u00a0experiencias\u00a0de las startups que trabajan en proyectos con Pharma.Barcelona Health Hub. <\/p>\n\n\n\n<p>El <em>BHHSummit Iberoam\u00e9rica<\/em> ser\u00e1 un\u00a0evento online\u00a0totalmente gratuito y emitido en directo desde\u00a0Barcelona Health Hub,\u00a0en el que participar\u00e1n importantes conferencistas internacionales. Adem\u00e1s contar\u00e1 con una mesa redonda con el tema \u00abTendencias de la salud digital aplicada a la industria\u00bb.<\/p>\n\n\n\n<p>Los partcipantes del evento tendr\u00e1n la oportunidad de conocer demos de soluciones tecnol\u00f3gicas, stands virtuales y networking, para fortalecer sinergias entre los asistentes y entre los distintos ecosistemas. <\/p>\n\n\n\n<p><strong>DiarioSalud<\/strong> ser\u00e1 media partner del Barcelona Health Hub y, pueden contactarnos para oportunidades de participaci\u00f3n y patrocinio de este evento \u00fanico. Env\u00edanos un correo a\u00a0<strong>miguel@diariosalud.do.<\/strong><\/p>\n\n\n\n<p>Reg\u00edstrate en el evento gratuito haciendo clic aqu\u00ed  <a href=\"http:\/\/aqu\u00edhttps:\/\/event.meetmaps.com\/3757122343\/es\/registration\">event.meetmaps.com<\/a><\/p>\n","protected":false},"excerpt":{"rendered":"<p>De la mano del Barcelona Health Hub, una asociaci\u00f3n sin fines de lucros, se realizar\u00e1 la segunda edici\u00f3n del #BHHSummit Iberoam\u00e9rica,\u00a0el cual tendr\u00e1 lugar el 11 de mayo, de 15:00 a 20:00 (hora de Europa). Con el keynote Farmas &amp; Tecnolog\u00eda: un binomio para aportar valor, el Barcelona Health Hub presentar\u00e1 la segunda edici\u00f3n del [&hellip;]<\/p>\n","protected":false},"author":18,"featured_media":43554,"comment_status":"closed","ping_status":"closed","sticky":false,"template":"","format":"standard","meta":{"_acf_changed":false,"footnotes":""},"categories":[551],"tags":[876,842,670],"class_list":["post-33079","post","type-post","status-publish","format-standard","has-post-thumbnail","hentry","category-noticias","tag-bhhsummit-iberoamerica","tag-eventos-online","tag-salud-digital"],"acf":[],"_links":{"self":[{"href":"https:\/\/ktechproduccion.net\/diariosalud.com\/wp-json\/wp\/v2\/posts\/33079","targetHints":{"allow":["GET"]}}],"collection":[{"href":"https:\/\/ktechproduccion.net\/diariosalud.com\/wp-json\/wp\/v2\/posts"}],"about":[{"href":"https:\/\/ktechproduccion.net\/diariosalud.com\/wp-json\/wp\/v2\/types\/post"}],"author":[{"embeddable":true,"href":"https:\/\/ktechproduccion.net\/diariosalud.com\/wp-json\/wp\/v2\/users\/18"}],"replies":[{"embeddable":true,"href":"https:\/\/ktechproduccion.net\/diariosalud.com\/wp-json\/wp\/v2\/comments?post=33079"}],"version-history":[{"count":0,"href":"https:\/\/ktechproduccion.net\/diariosalud.com\/wp-json\/wp\/v2\/posts\/33079\/revisions"}],"wp:featuredmedia":[{"embeddable":true,"href":"https:\/\/ktechproduccion.net\/diariosalud.com\/wp-json\/wp\/v2\/media\/43554"}],"wp:attachment":[{"href":"https:\/\/ktechproduccion.net\/diariosalud.com\/wp-json\/wp\/v2\/media?parent=33079"}],"wp:term":[{"taxonomy":"category","embeddable":true,"href":"https:\/\/ktechproduccion.net\/diariosalud.com\/wp-json\/wp\/v2\/categories?post=33079"},{"taxonomy":"post_tag","embeddable":true,"href":"https:\/\/ktechproduccion.net\/diariosalud.com\/wp-json\/wp\/v2\/tags?post=33079"}],"curies":[{"name":"wp","href":"https:\/\/api.w.org\/{rel}","templated":true}]}}