{"id":33035,"date":"2022-04-06T09:45:10","date_gmt":"2022-04-06T13:45:10","guid":{"rendered":"https:\/\/diariosalud.com\/uncategorized\/merck-apuesta-al-liderazgo-femenino-en-centroamerica-y-caribe\/"},"modified":"2022-04-06T09:45:10","modified_gmt":"2022-04-06T13:45:10","slug":"merck-apuesta-al-liderazgo-femenino-en-centroamerica-y-caribe","status":"publish","type":"post","link":"https:\/\/ktechproduccion.net\/diariosalud.com\/merck-apuesta-al-liderazgo-femenino-en-centroamerica-y-caribe\/","title":{"rendered":"Merck apuesta al liderazgo femenino en Centroam\u00e9rica y Caribe"},"content":{"rendered":"\n<p>Merck anunci\u00f3 este martes a <strong>Vanessa V\u00e9rtiz<\/strong> como nueva Directora y Gerente General para la divisi\u00f3n de negocio de <strong>Healthcare en Centroam\u00e9rica y Caribe<\/strong>, con el prop\u00f3sito de hacer una diferencia positiva en la salud y calidad de vida de millones de personas, mantener el crecimiento sostenible del negocio, as\u00ed como asegurar lanzamientos exitosos en la regi\u00f3n. Esto impulsado por la innovaci\u00f3n, y con el firme objetivo de mantenerse como la compa\u00f1\u00eda l\u00edder en ciencia y tecnolog\u00eda.<\/p>\n\n\n\n<p>En Centroam\u00e9rica, la compa\u00f1\u00eda tiene <strong>51 a\u00f1os<\/strong> de historia en favor del progreso humano, siempre en una constante reinvenci\u00f3n para satisfacer las necesidades de los pacientes, los clientes y la sociedad en general, con estrategias sostenibles para reducir el impacto en el planeta.<\/p>\n\n\n\n<p>A trav\u00e9s de su m\u00e1s reciente asignaci\u00f3n Directiva, Merck busca <strong>visibilizar el liderazgo femenino<\/strong> y promover que <strong>m\u00e1s mujeres alcancen sus metas<\/strong> y se desarrollen en el campo de la ciencia y tecnolog\u00eda, potenciando la equidad de g\u00e9nero en los puestos de alta direcci\u00f3n, siendo V\u00e9rtiz la <strong>primera mujer<\/strong> en obtener dicho nombramiento en Centroam\u00e9rica.<\/p>\n\n\n\n<p>La llegada de su nueva l\u00edder contribuye al posicionamiento y desarrollo de los objetivos de la compa\u00f1\u00eda, entre los cuales se encuentran el crecimiento rentable de las distintas l\u00edneas de negocio por medio del lanzamiento de terapias inmuno-oncol\u00f3gicas innovadoras en la regi\u00f3n y la distribuci\u00f3n y comercializaci\u00f3n de productos para atender <strong>enfermedades que tienen gran impacto <\/strong>en la salud p\u00fablica como patolog\u00edas cardiovasculares, diabetes o hipotiroidismo, mismas que aquejan principalmente a la poblaci\u00f3n en edad productiva, convirti\u00e9ndose en un problema para los pa\u00edses y sistemas de salud de Am\u00e9rica Central y el Caribe.<\/p>\n\n\n\n<blockquote class=\"wp-block-quote is-style-large is-layout-flow wp-block-quote-is-layout-flow\"><p>\u201c<em>Somos una compa\u00f1\u00eda global con m\u00e1s de 350 a\u00f1os de historia, pero que no deja de innovar para aprovechar las oportunidades impulsadas por la ciencia y la tecnolog\u00eda. Sabemos que juntos somos mejores y m\u00e1s fuertes, de ah\u00ed la importancia de empoderarnos y seguir escribiendo una historia de \u00e9xito que promueva la diversidad e inclusi\u00f3n\u201d, <\/em>agreg\u00f3 Vanessa V\u00e9rtiz.<\/p><\/blockquote>\n\n\n\n<p>La nueva Gerente General,\u00a0<strong> cuenta con m\u00e1s de 21 a\u00f1os de experiencia <\/strong>en el sector farmac\u00e9utico, estar\u00e1 al frente de la compa\u00f1\u00eda desde su sede en Panam\u00e1, donde recientemente expandieron sus operaciones. Igualmente, encabezar\u00e1 un equipo conformado por m\u00e1s de 200 colaboradores a lo largo de 16 pa\u00edses que comprenden la regi\u00f3n de Centroam\u00e9rica y Caribe, quienes d\u00eda con d\u00eda trabajan por la innovaci\u00f3n y responsabilidad cient\u00edfica ligada a la salud.<\/p>\n\n\n\n<p>\u201c<em>Como l\u00edderes sentimos un profundo compromiso por fortalecer el impacto de nuestros colaboradores en la salud de las personas y contribuir en el crecimiento sostenible de nuestra organizaci\u00f3n<\/em>\u201d, enfatiz\u00f3.<\/p>\n","protected":false},"excerpt":{"rendered":"<p>Merck anunci\u00f3 este martes a Vanessa V\u00e9rtiz como nueva Directora y Gerente General para la divisi\u00f3n de negocio de Healthcare en Centroam\u00e9rica y Caribe, con el prop\u00f3sito de hacer una diferencia positiva en la salud y calidad de vida de millones de personas, mantener el crecimiento sostenible del negocio, as\u00ed como asegurar lanzamientos exitosos en [&hellip;]<\/p>\n","protected":false},"author":18,"featured_media":43525,"comment_status":"closed","ping_status":"closed","sticky":false,"template":"","format":"standard","meta":{"_acf_changed":false,"footnotes":""},"categories":[551],"tags":[1379,1380,1381,1382],"class_list":["post-33035","post","type-post","status-publish","format-standard","has-post-thumbnail","hentry","category-noticias","tag-farmaceutica","tag-healthcare","tag-liderazgo-femenino","tag-merck"],"acf":[],"_links":{"self":[{"href":"https:\/\/ktechproduccion.net\/diariosalud.com\/wp-json\/wp\/v2\/posts\/33035","targetHints":{"allow":["GET"]}}],"collection":[{"href":"https:\/\/ktechproduccion.net\/diariosalud.com\/wp-json\/wp\/v2\/posts"}],"about":[{"href":"https:\/\/ktechproduccion.net\/diariosalud.com\/wp-json\/wp\/v2\/types\/post"}],"author":[{"embeddable":true,"href":"https:\/\/ktechproduccion.net\/diariosalud.com\/wp-json\/wp\/v2\/users\/18"}],"replies":[{"embeddable":true,"href":"https:\/\/ktechproduccion.net\/diariosalud.com\/wp-json\/wp\/v2\/comments?post=33035"}],"version-history":[{"count":0,"href":"https:\/\/ktechproduccion.net\/diariosalud.com\/wp-json\/wp\/v2\/posts\/33035\/revisions"}],"wp:featuredmedia":[{"embeddable":true,"href":"https:\/\/ktechproduccion.net\/diariosalud.com\/wp-json\/wp\/v2\/media\/43525"}],"wp:attachment":[{"href":"https:\/\/ktechproduccion.net\/diariosalud.com\/wp-json\/wp\/v2\/media?parent=33035"}],"wp:term":[{"taxonomy":"category","embeddable":true,"href":"https:\/\/ktechproduccion.net\/diariosalud.com\/wp-json\/wp\/v2\/categories?post=33035"},{"taxonomy":"post_tag","embeddable":true,"href":"https:\/\/ktechproduccion.net\/diariosalud.com\/wp-json\/wp\/v2\/tags?post=33035"}],"curies":[{"name":"wp","href":"https:\/\/api.w.org\/{rel}","templated":true}]}}