{"id":33034,"date":"2022-04-05T20:46:47","date_gmt":"2022-04-06T00:46:47","guid":{"rendered":"https:\/\/diariosalud.com\/uncategorized\/paises-eliminan-restricciones-tras-dos-anos-de-pandemia\/"},"modified":"2022-04-05T20:46:47","modified_gmt":"2022-04-06T00:46:47","slug":"paises-eliminan-restricciones-tras-dos-anos-de-pandemia","status":"publish","type":"post","link":"https:\/\/ktechproduccion.net\/diariosalud.com\/paises-eliminan-restricciones-tras-dos-anos-de-pandemia\/","title":{"rendered":"Pa\u00edses eliminan restricciones tras dos a\u00f1os de pandemia"},"content":{"rendered":"\n<p>Tras dos a\u00f1os de iniciada la pandemia que mantuvo el mundo bajo estrictas medidas como medida para la contribuci\u00f3n con la disminuci\u00f3n de la propagaci\u00f3n del virus del Covid-19, varios pa\u00edses est\u00e1n flexibilizando sus medidas a partir de este mes de abril, como es el caso de\u00a0 <strong>Chile<\/strong>, que anunci\u00f3 este martes que el <strong>uso de mascarillas no ser\u00e1 obligatorio al aire libre<\/strong> a partir del pr\u00f3ximo 14 de abril en las regiones donde el riesgo sanitario es bajo o medio.<\/p>\n\n\n\n<p>El subsecretario de Salud P\u00fablica, Crist\u00f3bal Cuadrado, explic\u00f3 en una rueda de prensa que las mascarillas s\u00ed ser\u00e1n obligatorias, sin embargo, \u00aben espacios cerrados y en todo espacio abierto donde no se pueda mantener una distancia f\u00edsica de m\u00e1s de un metro\u00bb.<\/p>\n\n\n\n<p>En el caso de <strong>Uruguay<\/strong> las autoridades han anunciado\u00a0 la flexibilizaci\u00f3n de medidas con la eliminaci\u00f3n desde el pr\u00f3ximo 19 de abril la cuarentena obligatoria para todos los alumnos de la educaci\u00f3n p\u00fablica y privada que hubiesen compartido un aula con una persona contagiada de covid-19, mientras que quienes tengan s\u00edntomas podr\u00e1n permanecer en sus domicilios o asistir utilizando tapabocas.<\/p>\n\n\n\n<p>En <strong>Espa\u00f1a<\/strong>, el gobierno est\u00e1 evaluando eliminar la mascarilla en interiores luego de la Semana Santa, pero todav\u00eda est\u00e1 en la mesa del di\u00e1logo de las autoridades.\u00a0<\/p>\n\n\n\n<p>En el caso del <strong>Gobierno de Cuba<\/strong> dejar\u00e1 de solicitar una prueba PCR negativa o el certificado de vacunaci\u00f3n como requisitos a los viajeros que deseen entrar en el pa\u00eds, inform\u00f3 este lunes el Ministerio de Salud P\u00fablica (Minsap).<\/p>\n","protected":false},"excerpt":{"rendered":"<p>Tras dos a\u00f1os de iniciada la pandemia que mantuvo el mundo bajo estrictas medidas como medida para la contribuci\u00f3n con la disminuci\u00f3n de la propagaci\u00f3n del virus del Covid-19, varios pa\u00edses est\u00e1n flexibilizando sus medidas a partir de este mes de abril, como es el caso de\u00a0 Chile, que anunci\u00f3 este martes que el uso [&hellip;]<\/p>\n","protected":false},"author":18,"featured_media":43524,"comment_status":"closed","ping_status":"closed","sticky":false,"template":"","format":"standard","meta":{"_acf_changed":false,"footnotes":""},"categories":[551],"tags":[366,1378,178],"class_list":["post-33034","post","type-post","status-publish","format-standard","has-post-thumbnail","hentry","category-noticias","tag-covid-19","tag-mascarillas","tag-pandemia"],"acf":[],"_links":{"self":[{"href":"https:\/\/ktechproduccion.net\/diariosalud.com\/wp-json\/wp\/v2\/posts\/33034","targetHints":{"allow":["GET"]}}],"collection":[{"href":"https:\/\/ktechproduccion.net\/diariosalud.com\/wp-json\/wp\/v2\/posts"}],"about":[{"href":"https:\/\/ktechproduccion.net\/diariosalud.com\/wp-json\/wp\/v2\/types\/post"}],"author":[{"embeddable":true,"href":"https:\/\/ktechproduccion.net\/diariosalud.com\/wp-json\/wp\/v2\/users\/18"}],"replies":[{"embeddable":true,"href":"https:\/\/ktechproduccion.net\/diariosalud.com\/wp-json\/wp\/v2\/comments?post=33034"}],"version-history":[{"count":0,"href":"https:\/\/ktechproduccion.net\/diariosalud.com\/wp-json\/wp\/v2\/posts\/33034\/revisions"}],"wp:featuredmedia":[{"embeddable":true,"href":"https:\/\/ktechproduccion.net\/diariosalud.com\/wp-json\/wp\/v2\/media\/43524"}],"wp:attachment":[{"href":"https:\/\/ktechproduccion.net\/diariosalud.com\/wp-json\/wp\/v2\/media?parent=33034"}],"wp:term":[{"taxonomy":"category","embeddable":true,"href":"https:\/\/ktechproduccion.net\/diariosalud.com\/wp-json\/wp\/v2\/categories?post=33034"},{"taxonomy":"post_tag","embeddable":true,"href":"https:\/\/ktechproduccion.net\/diariosalud.com\/wp-json\/wp\/v2\/tags?post=33034"}],"curies":[{"name":"wp","href":"https:\/\/api.w.org\/{rel}","templated":true}]}}