{"id":33013,"date":"2022-03-10T18:09:14","date_gmt":"2022-03-10T22:09:14","guid":{"rendered":"https:\/\/diariosalud.com\/uncategorized\/realizaran-la-2da-edicion-del-diplomado-en-biotecnologia\/"},"modified":"2022-03-10T18:09:14","modified_gmt":"2022-03-10T22:09:14","slug":"realizaran-la-2da-edicion-del-diplomado-en-biotecnologia","status":"publish","type":"post","link":"https:\/\/ktechproduccion.net\/diariosalud.com\/realizaran-la-2da-edicion-del-diplomado-en-biotecnologia\/","title":{"rendered":"Realizar\u00e1n la 2da edici\u00f3n del Diplomado en Biotecnolog\u00eda\u00a0"},"content":{"rendered":"\n<p><em>Autor: Lic. Sayira Mueses<\/em> <\/p>\n\n\n\n<p>La Universidad Nacional Evang\u00e9lica (UNEV) ha anunciado la segunda edici\u00f3n de su diplomado \u201cBiotecnolog\u00eda, Una Ciencia Multidisciplinar \u201c, el cual presenta un abordaje integrador de la biotecnolog\u00eda alimentaria, ambiental y sanitaria.\u00a0 Los interesados en participar en este diplomado virtual, tienen hasta el 26 de marzo del a\u00f1o en curso para inscribirse, al finalizar la capacitaci\u00f3n los participantes recibir\u00e1n un certificado por parte de dicha universidad.<\/p>\n\n\n\n<p>Este diplomado presenta una visi\u00f3n general e integradora de la biotecnolog\u00eda y su empleo en diversas \u00e1reas del saber cient\u00edfico e industrial. Est\u00e1 dirigido a estudiantes y graduados de ciencias de la salud, ciencias de la vida, qu\u00edmica y carreras afines, tanto para interesados a nivel nacional e internacional que deseen adquirir o expandir sus conocimientos en el \u00e1rea de Biotecnolog\u00eda.&nbsp;<\/p>\n\n\n\n<p>Para ofrecer m\u00e1s detalles y responder a las inquietudes de los interesados, se realizar\u00e1 un webinar este pr\u00f3ximo s\u00e1bado 12 de marzo de 2022, a las 2:00 de la tarde hora Rep. Dominicana, que contar\u00e1 con la participaci\u00f3n de docentes de la referida universidad y especialistas de cada una de las \u00e1reas implementadas.&nbsp;<\/p>\n\n\n\n<p>La duraci\u00f3n del diplomado ser\u00e1 de 6 semanas, cuyo horario es de 2:00 a 4:00 de la tarde (hora Rep. Dominicana), con facilidades de pago: una aportaci\u00f3n econ\u00f3mica de RD$ 2,500 pesos de inscripci\u00f3n y 2 cuotas de RD$ 2,000. El staff docente est\u00e1 integrado por el coordinador del diplomado el Dr. Walner Mart\u00ednez G\u00f3mez, MSc, MEd y coordinador de la escuela de nutrici\u00f3n de esta Universidad Nacional Evang\u00e9lica, y los mag\u00edsteres en Biotecnolog\u00eda Avanzada e investigadores egresados de la Universidad de A Coru\u00f1a, Espa\u00f1a, Lic. en Bioan\u00e1lisis Ismael Severino, Lic. Qu\u00edmica Ang\u00e9lica Pichardo y Lic. en Bioan\u00e1lisis Sayira Mueses.&nbsp;<\/p>\n\n\n\n<p>Para asistir al webinar entra al siguiente enlace: https:\/\/www.unev.edu.do\/evento\/diplomado-en-biotecnologia\/ y para solicitar la inscripci\u00f3n del diplomado accede trav\u00e9s de https:\/\/sga.unev.edu.do\/solicitud-inscripcion y completa el formulario.&nbsp;<\/p>\n","protected":false},"excerpt":{"rendered":"<p>Autor: Lic. Sayira Mueses La Universidad Nacional Evang\u00e9lica (UNEV) ha anunciado la segunda edici\u00f3n de su diplomado \u201cBiotecnolog\u00eda, Una Ciencia Multidisciplinar \u201c, el cual presenta un abordaje integrador de la biotecnolog\u00eda alimentaria, ambiental y sanitaria.\u00a0 Los interesados en participar en este diplomado virtual, tienen hasta el 26 de marzo del a\u00f1o en curso para inscribirse, [&hellip;]<\/p>\n","protected":false},"author":18,"featured_media":43561,"comment_status":"closed","ping_status":"closed","sticky":false,"template":"","format":"standard","meta":{"_acf_changed":false,"footnotes":""},"categories":[610],"tags":[1283,1479,1480],"class_list":["post-33013","post","type-post","status-publish","format-standard","has-post-thumbnail","hentry","category-estudiantil","tag-biotecnologia","tag-diplomado","tag-unev"],"acf":[],"_links":{"self":[{"href":"https:\/\/ktechproduccion.net\/diariosalud.com\/wp-json\/wp\/v2\/posts\/33013","targetHints":{"allow":["GET"]}}],"collection":[{"href":"https:\/\/ktechproduccion.net\/diariosalud.com\/wp-json\/wp\/v2\/posts"}],"about":[{"href":"https:\/\/ktechproduccion.net\/diariosalud.com\/wp-json\/wp\/v2\/types\/post"}],"author":[{"embeddable":true,"href":"https:\/\/ktechproduccion.net\/diariosalud.com\/wp-json\/wp\/v2\/users\/18"}],"replies":[{"embeddable":true,"href":"https:\/\/ktechproduccion.net\/diariosalud.com\/wp-json\/wp\/v2\/comments?post=33013"}],"version-history":[{"count":0,"href":"https:\/\/ktechproduccion.net\/diariosalud.com\/wp-json\/wp\/v2\/posts\/33013\/revisions"}],"wp:featuredmedia":[{"embeddable":true,"href":"https:\/\/ktechproduccion.net\/diariosalud.com\/wp-json\/wp\/v2\/media\/43561"}],"wp:attachment":[{"href":"https:\/\/ktechproduccion.net\/diariosalud.com\/wp-json\/wp\/v2\/media?parent=33013"}],"wp:term":[{"taxonomy":"category","embeddable":true,"href":"https:\/\/ktechproduccion.net\/diariosalud.com\/wp-json\/wp\/v2\/categories?post=33013"},{"taxonomy":"post_tag","embeddable":true,"href":"https:\/\/ktechproduccion.net\/diariosalud.com\/wp-json\/wp\/v2\/tags?post=33013"}],"curies":[{"name":"wp","href":"https:\/\/api.w.org\/{rel}","templated":true}]}}