{"id":32972,"date":"2022-01-18T23:38:11","date_gmt":"2022-01-19T03:38:11","guid":{"rendered":"https:\/\/diariosalud.com\/uncategorized\/advierten-mitos-alejan-a-poblacion-de-autocuidado\/"},"modified":"2022-01-18T23:38:11","modified_gmt":"2022-01-19T03:38:11","slug":"advierten-mitos-alejan-a-poblacion-de-autocuidado","status":"publish","type":"post","link":"https:\/\/ktechproduccion.net\/diariosalud.com\/advierten-mitos-alejan-a-poblacion-de-autocuidado\/","title":{"rendered":"Advierten mitos alejan a poblaci\u00f3n de autocuidado"},"content":{"rendered":"\n<p>SANTO DOMINGO.-La <strong>Federaci\u00f3n Centroamericana y del Caribe de Laboratorios Farmac\u00e9uticos (Fedefarma)<\/strong> afirm\u00f3 que \u00a0 una poblaci\u00f3n m\u00e1s informada en materia de salud y que utilice de manera responsable los medicamentos de venta libre, favorece que se centren los recursos en la atenci\u00f3n de padecimientos cr\u00f3nicos o en emergencias sanitarias.<\/p>\n\n\n\n<p>En Estados Unidos m\u00e1s de un tercio de los adultos tienen una alfabetizaci\u00f3n en salud por debajo del nivel b\u00e1sico. En Europa una alfabetizaci\u00f3n en salud deficiente oscila entre 29% y 62%; mientras que en pa\u00edses de Am\u00e9rica Latina, s\u00f3lo el 17.6% de los pacientes cuenta con alfabetizaci\u00f3n adecuada en salud, seg\u00fan el estudio \u201cUna adecuada alfabetizaci\u00f3n en salud se asocia con mejores resultados de salud en personas con diabetes tipo 2\u201d.<\/p>\n\n\n\n<p>A su vez, el autocuidado responsable podr\u00eda reducir las p\u00e9rdidas por ausentismo laboral de US $2.000 millones anuales seg\u00fan la Asociaci\u00f3n Latinoamericana de Autocuidado Responsable (ILAR).<\/p>\n\n\n\n<p>De acuerdo con Victoria Brenes, directora ejecutiva de Fedefarma, el autocuidado representa para los pacientes una alternativa para gestionar y cuidar su salud, reduciendo consultas innecesarias al m\u00e9dico que impliquen faltar a su trabajo y potencialmente afectar su productividad e ingresos.\u00a0 \u201cLa pr\u00e1ctica del autocuidado es tambi\u00e9n una acci\u00f3n responsable con la comunidad, pues contribuye a liberar recursos en los sistemas de salud y permitir que ese tiempo y atenci\u00f3n de los m\u00e9dicos pueda ser destinada a quienes m\u00e1s lo necesitan\u201d expres\u00f3 Brenes.<\/p>\n\n\n\n<p>Algunos de los mitos a los que la entidad hizo referencia es que la automedicaci\u00f3n es una pr\u00e1ctica peligrosa, ya que si se hace de manera responsable es una estrategia de autocuidado, que no se debe tomar medicamentos sin consultar a un m\u00e9dico o que los medicamentos de venta libre no son efectivos.\u00a0\u00a0<\/p>\n","protected":false},"excerpt":{"rendered":"<p>SANTO DOMINGO.-La Federaci\u00f3n Centroamericana y del Caribe de Laboratorios Farmac\u00e9uticos (Fedefarma) afirm\u00f3 que \u00a0 una poblaci\u00f3n m\u00e1s informada en materia de salud y que utilice de manera responsable los medicamentos de venta libre, favorece que se centren los recursos en la atenci\u00f3n de padecimientos cr\u00f3nicos o en emergencias sanitarias. En Estados Unidos m\u00e1s de un [&hellip;]<\/p>\n","protected":false},"author":18,"featured_media":43480,"comment_status":"closed","ping_status":"closed","sticky":false,"template":"","format":"standard","meta":{"_acf_changed":false,"footnotes":""},"categories":[551],"tags":[853,176,434],"class_list":["post-32972","post","type-post","status-publish","format-standard","has-post-thumbnail","hentry","category-noticias","tag-federacion-centroamericana-de-laboratorios-farmaceuticos","tag-laboratorios-farmaceuticos","tag-medicamentos"],"acf":[],"_links":{"self":[{"href":"https:\/\/ktechproduccion.net\/diariosalud.com\/wp-json\/wp\/v2\/posts\/32972","targetHints":{"allow":["GET"]}}],"collection":[{"href":"https:\/\/ktechproduccion.net\/diariosalud.com\/wp-json\/wp\/v2\/posts"}],"about":[{"href":"https:\/\/ktechproduccion.net\/diariosalud.com\/wp-json\/wp\/v2\/types\/post"}],"author":[{"embeddable":true,"href":"https:\/\/ktechproduccion.net\/diariosalud.com\/wp-json\/wp\/v2\/users\/18"}],"replies":[{"embeddable":true,"href":"https:\/\/ktechproduccion.net\/diariosalud.com\/wp-json\/wp\/v2\/comments?post=32972"}],"version-history":[{"count":0,"href":"https:\/\/ktechproduccion.net\/diariosalud.com\/wp-json\/wp\/v2\/posts\/32972\/revisions"}],"wp:featuredmedia":[{"embeddable":true,"href":"https:\/\/ktechproduccion.net\/diariosalud.com\/wp-json\/wp\/v2\/media\/43480"}],"wp:attachment":[{"href":"https:\/\/ktechproduccion.net\/diariosalud.com\/wp-json\/wp\/v2\/media?parent=32972"}],"wp:term":[{"taxonomy":"category","embeddable":true,"href":"https:\/\/ktechproduccion.net\/diariosalud.com\/wp-json\/wp\/v2\/categories?post=32972"},{"taxonomy":"post_tag","embeddable":true,"href":"https:\/\/ktechproduccion.net\/diariosalud.com\/wp-json\/wp\/v2\/tags?post=32972"}],"curies":[{"name":"wp","href":"https:\/\/api.w.org\/{rel}","templated":true}]}}