{"id":32963,"date":"2022-01-11T14:59:34","date_gmt":"2022-01-11T18:59:34","guid":{"rendered":"https:\/\/diariosalud.com\/uncategorized\/implicacion-del-cerebelo-en-deficits-sensoriales-asociados-a-espectro-autista\/"},"modified":"2022-01-11T14:59:34","modified_gmt":"2022-01-11T18:59:34","slug":"implicacion-del-cerebelo-en-deficits-sensoriales-asociados-a-espectro-autista","status":"publish","type":"post","link":"https:\/\/ktechproduccion.net\/diariosalud.com\/implicacion-del-cerebelo-en-deficits-sensoriales-asociados-a-espectro-autista\/","title":{"rendered":"Implicaci\u00f3n del cerebelo en d\u00e9ficits sensoriales asociados a espectro autista"},"content":{"rendered":"\n<p>El <strong>trastorno del espectro autista<\/strong> se caracteriza por un d\u00e9ficit en la comunicaci\u00f3n e interacci\u00f3n social, as\u00ed como la aparici\u00f3n de comportamientos repetitivos e intereses limitados desde la infancia temprana. En este desorden, el procesamiento an\u00f3malo de los est\u00edmulos sensoriales es un s\u00edntoma secundario que aparece con una alta frecuencia en los pacientes. A su vez, la aparici\u00f3n de malformaciones en el cerebelo, regi\u00f3n del enc\u00e9falo capaz de integrar las diferentes modalidades sensoriales gracias a su conexi\u00f3n con la corteza cerebral, es una de las caracter\u00edsticas anat\u00f3micas m\u00e1s frecuentes en personas con este desorden.\u00a0<\/p>\n\n\n\n<p>Identificar los <strong>mecanismos involucrados en los d\u00e9ficits sensoriales relacionados con el trastorno del espectro autista <\/strong>abre la puerta a nuevas l\u00edneas de investigaci\u00f3n para desarrollar terapias para tratar esta enfermedad que, seg\u00fan la Organizaci\u00f3n Mundial de la Salud, sufren uno de cada 160 ni\u00f1os en todo el mundo.<\/p>\n\n\n\n<p>En esta l\u00ednea, un grupo de investigaci\u00f3n en el que participan los investigadores del Laboratorio Traslacional de Estimulaci\u00f3n Cerebral de la Universidad Pablo de Olavide Carlos Andr\u00e9s S\u00e1nchez Le\u00f3n y Javier M\u00e1rquez Ruiz, han desarrollado un estudio, publicado en eNeuro, cuyos resultados sugieren la implicaci\u00f3n del cerebelo en los d\u00e9ficits sensoriales asociados al trastorno del espectro autista y muestran la utilidad del modelo de autismo utilizado como herramienta para profundizar en las bases neuronales que subyacen a las alteraciones sensoriales observadas en pacientes que padecen este trastorno.<\/p>\n\n\n\n<p>As\u00ed, la investigaci\u00f3n ha desvelado<strong> importantes diferencias en el procesamiento sensorial <\/strong>entre ratones control (rat\u00f3n sin modificaciones gen\u00e9ticas) y ratones knock-out (rat\u00f3n modificado por ingenier\u00eda gen\u00e9tica) en los que hay una p\u00e9rdida funcional del gen CNTNAP2, el cual se ha asociado a diversas formas de autismo relacionadas con anomal\u00edas del cerebelo. \u201cEn concreto, observamos una diferencia en la respuesta de las neuronas de la corteza cerebelar a los est\u00edmulos sensoriales, as\u00ed como en sus propiedades de membrana y en su morfolog\u00eda\u201d, explica el investigador Javier M\u00e1rquez.<\/p>\n\n\n\n<p>Este estudio, que aborda por primera vez la caracterizaci\u00f3n de la actividad el\u00e9ctrica del cerebelo en este modelo de autismo, describe una alteraci\u00f3n de la frecuencia de disparo espont\u00e1nea de las neuronas de Purkinje del cerebelo, as\u00ed como de su respuesta a las entradas sensoriales procedentes de los bigotes del animal. Estas alteraciones estuvieron acompa\u00f1adas por un incremento en la excitabilidad de este tipo neuronal y una reducci\u00f3n en la complejidad del \u00e1rbol dendr\u00edtico.<\/p>\n\n\n\n<p>La implicaci\u00f3n de las neuronas de Purkinje en el desarrollo de determinadas alteraciones neurol\u00f3gicas es objeto de estudio de numerosos grupos de investigaci\u00f3n. Este tipo de c\u00e9lulas, que se encuentra en el cerebelo, llaman la atenci\u00f3n por su gran tama\u00f1o y por la complejidad de sus ramificaciones. Adem\u00e1s, reciben hasta diez veces m\u00e1s conexiones que cualquier tipo de neurona y tienen la facultad de \u201csilenciar\u201d la actividad de otras c\u00e9lulas externas al cerebelo.<\/p>\n\n\n\n<p>Los resultados obtenidos en este trabajo muestran as\u00ed importantes diferencias entre los animales control y los ratones modelo de autismo relacionados con el procesamiento sensorial por parte del cerebelo. \u201cLa informaci\u00f3n sensorial que llega al animal (el movimiento del bigote del rat\u00f3n, por ejemplo) viaja hacia la corteza cerebral y el cerebelo, donde es procesada por las c\u00e9lulas de Purkinje que participan en circuitos relacionados con el aprendizaje motor o el lenguaje, entre otros procesos. \u201cEn nuestro estudio, las diferencias entre las respuestas de los dos tipos de ratones, fueron sorprendentes\u201d, declara Javier M\u00e1rquez, quien a\u00f1ade que \u201cestas alteraciones junto a las malformaciones cerebelosas observadas y las caracter\u00edsticas morfol\u00f3gicas alteradas de las c\u00e9lulas indican que este animal modelo de autismo podr\u00eda ser clave para identificar los mecanismos involucrados en los d\u00e9ficits sensoriales relacionados con el trastorno del espectro autista\u201d.<\/p>\n\n\n\n<p>El equipo cient\u00edfico ha sido liderado por la Dra. Olga Pe\u00f1agarikano y Marta Fern\u00e1ndez G\u00f3mez, investigadoras de la Universidad del Pa\u00eds Vasco (UPV\/EHU), y est\u00e1 compuesto por investigadores e investigadoras de esta universidad, de la Universidad Pablo de Olavide (UPO), y del Instituto de Biofisika (UPV\/CSIC).<\/p>\n\n\n\n<p>Fuente: DICYT<\/p>\n","protected":false},"excerpt":{"rendered":"<p>El trastorno del espectro autista se caracteriza por un d\u00e9ficit en la comunicaci\u00f3n e interacci\u00f3n social, as\u00ed como la aparici\u00f3n de comportamientos repetitivos e intereses limitados desde la infancia temprana. En este desorden, el procesamiento an\u00f3malo de los est\u00edmulos sensoriales es un s\u00edntoma secundario que aparece con una alta frecuencia en los pacientes. A su [&hellip;]<\/p>\n","protected":false},"author":18,"featured_media":43475,"comment_status":"closed","ping_status":"closed","sticky":false,"template":"","format":"standard","meta":{"_acf_changed":false,"footnotes":""},"categories":[551],"tags":[1302,1303,235,118,1036],"class_list":["post-32963","post","type-post","status-publish","format-standard","has-post-thumbnail","hentry","category-noticias","tag-cerebelo","tag-deficit-sensorial","tag-investigacion","tag-neurologia","tag-trastorno-del-espectro-autista"],"acf":[],"_links":{"self":[{"href":"https:\/\/ktechproduccion.net\/diariosalud.com\/wp-json\/wp\/v2\/posts\/32963","targetHints":{"allow":["GET"]}}],"collection":[{"href":"https:\/\/ktechproduccion.net\/diariosalud.com\/wp-json\/wp\/v2\/posts"}],"about":[{"href":"https:\/\/ktechproduccion.net\/diariosalud.com\/wp-json\/wp\/v2\/types\/post"}],"author":[{"embeddable":true,"href":"https:\/\/ktechproduccion.net\/diariosalud.com\/wp-json\/wp\/v2\/users\/18"}],"replies":[{"embeddable":true,"href":"https:\/\/ktechproduccion.net\/diariosalud.com\/wp-json\/wp\/v2\/comments?post=32963"}],"version-history":[{"count":0,"href":"https:\/\/ktechproduccion.net\/diariosalud.com\/wp-json\/wp\/v2\/posts\/32963\/revisions"}],"wp:featuredmedia":[{"embeddable":true,"href":"https:\/\/ktechproduccion.net\/diariosalud.com\/wp-json\/wp\/v2\/media\/43475"}],"wp:attachment":[{"href":"https:\/\/ktechproduccion.net\/diariosalud.com\/wp-json\/wp\/v2\/media?parent=32963"}],"wp:term":[{"taxonomy":"category","embeddable":true,"href":"https:\/\/ktechproduccion.net\/diariosalud.com\/wp-json\/wp\/v2\/categories?post=32963"},{"taxonomy":"post_tag","embeddable":true,"href":"https:\/\/ktechproduccion.net\/diariosalud.com\/wp-json\/wp\/v2\/tags?post=32963"}],"curies":[{"name":"wp","href":"https:\/\/api.w.org\/{rel}","templated":true}]}}