{"id":32932,"date":"2021-11-08T14:29:36","date_gmt":"2021-11-08T18:29:36","guid":{"rendered":"https:\/\/diariosalud.com\/uncategorized\/resaltan-rol-de-las-radiografias-para-deteccion-y-tratamiento-de-enfermedades\/"},"modified":"2021-11-08T14:29:36","modified_gmt":"2021-11-08T18:29:36","slug":"resaltan-rol-de-las-radiografias-para-deteccion-y-tratamiento-de-enfermedades","status":"publish","type":"post","link":"https:\/\/ktechproduccion.net\/diariosalud.com\/resaltan-rol-de-las-radiografias-para-deteccion-y-tratamiento-de-enfermedades\/","title":{"rendered":"Resaltan rol de las radiograf\u00edas para detecci\u00f3n y tratamiento de enfermedades"},"content":{"rendered":"\n<p>SANTO DOMINGO.- Con motivo a la conmemoraci\u00f3n este lunes 8 de noviembre del <strong>D\u00eda Mundial del Radi\u00f3logo<\/strong>, el director del hospital doctor Francisco Moscoso Puello, doctor Enmanuel Silverio, destac\u00f3 la<strong> importancia de las radiograf\u00edas para el proceso de determinar un correcto diagn\u00f3stico, prevenci\u00f3n y tratamiento de enfermedades<\/strong>.<\/p>\n\n\n\n<p>El doctor Silverio indic\u00f3 que la t\u00e9cnica, basada en rayos X, ayuda al especialista a iniciar o continuar con el tratamiento m\u00e9dico correspondiente.<\/p>\n\n\n\n<p>\u00ab<strong>Es una pieza clave para la detecci\u00f3n y tratamiento de enfermedades; el centro cuenta con este y otros servicios del \u00e1rea de im\u00e1genes<\/strong>\u00ab, destac\u00f3.\u00a0<\/p>\n\n\n\n<p>Cada mes el&nbsp; hospital Moscoso Puello realiza un promedio de 2,300 radiograf\u00edas.<\/p>\n\n\n\n<p>La licenciada Yolanda Laurencio Berroa, encargada de Rayos X del hospital, consider\u00f3 que esta parte de las im\u00e1genes (radiograf\u00edas) <strong>son los ojos de la medicina<\/strong>, convirtiendo las dudas en evidencias, y el diagn\u00f3stico en im\u00e1genes.\u00a0<\/p>\n\n\n\n<p>Destac\u00f3 que el hospital dispone de radi\u00f3logos y t\u00e9cnicos en im\u00e1genes, con equipos de radiograf\u00edas digitales, ubicados en el \u00e1rea de Im\u00e1genes, Emergencias y Unidad Covid. Otros son port\u00e1tiles, lo que facilita su movilidad al lugar donde est\u00e1 el paciente.<\/p>\n","protected":false},"excerpt":{"rendered":"<p>SANTO DOMINGO.- Con motivo a la conmemoraci\u00f3n este lunes 8 de noviembre del D\u00eda Mundial del Radi\u00f3logo, el director del hospital doctor Francisco Moscoso Puello, doctor Enmanuel Silverio, destac\u00f3 la importancia de las radiograf\u00edas para el proceso de determinar un correcto diagn\u00f3stico, prevenci\u00f3n y tratamiento de enfermedades. El doctor Silverio indic\u00f3 que la t\u00e9cnica, basada [&hellip;]<\/p>\n","protected":false},"author":18,"featured_media":24589,"comment_status":"closed","ping_status":"closed","sticky":false,"template":"","format":"standard","meta":{"_acf_changed":false,"footnotes":""},"categories":[551],"tags":[1290,763,881,1291],"class_list":["post-32932","post","type-post","status-publish","format-standard","has-post-thumbnail","hentry","category-noticias","tag-dia-mundial-del-radiologo","tag-hospital-moscoso-puello","tag-radiologia","tag-rayos-x"],"acf":[],"_links":{"self":[{"href":"https:\/\/ktechproduccion.net\/diariosalud.com\/wp-json\/wp\/v2\/posts\/32932","targetHints":{"allow":["GET"]}}],"collection":[{"href":"https:\/\/ktechproduccion.net\/diariosalud.com\/wp-json\/wp\/v2\/posts"}],"about":[{"href":"https:\/\/ktechproduccion.net\/diariosalud.com\/wp-json\/wp\/v2\/types\/post"}],"author":[{"embeddable":true,"href":"https:\/\/ktechproduccion.net\/diariosalud.com\/wp-json\/wp\/v2\/users\/18"}],"replies":[{"embeddable":true,"href":"https:\/\/ktechproduccion.net\/diariosalud.com\/wp-json\/wp\/v2\/comments?post=32932"}],"version-history":[{"count":0,"href":"https:\/\/ktechproduccion.net\/diariosalud.com\/wp-json\/wp\/v2\/posts\/32932\/revisions"}],"wp:featuredmedia":[{"embeddable":true,"href":"https:\/\/ktechproduccion.net\/diariosalud.com\/wp-json\/wp\/v2\/media\/24589"}],"wp:attachment":[{"href":"https:\/\/ktechproduccion.net\/diariosalud.com\/wp-json\/wp\/v2\/media?parent=32932"}],"wp:term":[{"taxonomy":"category","embeddable":true,"href":"https:\/\/ktechproduccion.net\/diariosalud.com\/wp-json\/wp\/v2\/categories?post=32932"},{"taxonomy":"post_tag","embeddable":true,"href":"https:\/\/ktechproduccion.net\/diariosalud.com\/wp-json\/wp\/v2\/tags?post=32932"}],"curies":[{"name":"wp","href":"https:\/\/api.w.org\/{rel}","templated":true}]}}