{"id":32752,"date":"2021-08-27T19:02:59","date_gmt":"2021-08-27T23:02:59","guid":{"rendered":"https:\/\/diariosalud.com\/uncategorized\/lanzan-plataforma-para-fomentar-fabricacion-productos-de-salud-en-las-americas\/"},"modified":"2021-08-27T19:02:59","modified_gmt":"2021-08-27T23:02:59","slug":"lanzan-plataforma-para-fomentar-fabricacion-productos-de-salud-en-las-americas","status":"publish","type":"post","link":"https:\/\/ktechproduccion.net\/diariosalud.com\/lanzan-plataforma-para-fomentar-fabricacion-productos-de-salud-en-las-americas\/","title":{"rendered":"Lanzan plataforma para fomentar fabricaci\u00f3n productos de salud en las Am\u00e9ricas"},"content":{"rendered":"\n<p>SANTO DOMINGO.- La Organizaci\u00f3n Panamericana de la Salud (OPS) lanz\u00f3 formalmente la <strong>Plataforma Regional para el Avance en la Producci\u00f3n de Vacunas y otras Tecnolog\u00edas Sanitarias <\/strong>para la COVID-19 en las Am\u00e9ricas.<\/p>\n\n\n\n<p>Durante el acto de presentaci\u00f3n Jarbas Barbosa da Silva Jr, Subdirector, OPS, detall\u00f3 que dentro de los aspectos positivos de la plataforma est\u00e1 fortalecer la capacidad de producci\u00f3n y garantizar que se pueda tener un acceso m\u00e1s equitativo con beneficio real para todos los pa\u00edses de Latinoam\u00e9rica y el Caribe.<\/p>\n\n\n\n<p>Explic\u00f3 que este lanzamiento se realiz\u00f3 para cumplir con la solicitud del comit\u00e9 ejecutivo de la OPS de establecer una plataforma que pueda propiciar que todas las <strong>iniciativas que se tienen en la regi\u00f3n se puedan evaluar, valorar, as\u00ed como buscar complementariedad y alianza entre los pa\u00edses<\/strong> para que la producci\u00f3n se de manera factible y sostenible.<\/p>\n\n\n\n<p>\u201cEl objetivo de la plataforma es generar un espacio de discusi\u00f3n para <strong>alianzas estrat\u00e9gicas, fortalecer las capacidades de investigaci\u00f3n, desarrollo, producci\u00f3n log\u00edstica<\/strong> y fortalecer la colaboraci\u00f3n regional y subregional en las alianzas de estrategias\u201d, expres\u00f3.<\/p>\n\n\n\n<p>Asimismo, generar un espacio de discusi\u00f3n e intercambio de experiencias, identificar oportunidades concretas factibles de cooperaci\u00f3n regional y articular iniciativas concretas para incrementar la capacidad de producci\u00f3n de medicamentos\u00a0 y otras tecnolog\u00edas sanitarias esenciales que puedan contribuir al acceso equitativo a esos productos en todos los pa\u00edses miembros.<\/p>\n\n\n\n<p>Durante el lanzamiento se llev\u00f3 a cabo un foro entre los Estados Miembros, organismo de Naciones Unidas y otros actores, donde intercambiaron experiencias de sus respectivos pa\u00edses en la producci\u00f3n de medicamentos y productos sanitarios.<\/p>\n","protected":false},"excerpt":{"rendered":"<p>SANTO DOMINGO.- La Organizaci\u00f3n Panamericana de la Salud (OPS) lanz\u00f3 formalmente la Plataforma Regional para el Avance en la Producci\u00f3n de Vacunas y otras Tecnolog\u00edas Sanitarias para la COVID-19 en las Am\u00e9ricas. Durante el acto de presentaci\u00f3n Jarbas Barbosa da Silva Jr, Subdirector, OPS, detall\u00f3 que dentro de los aspectos positivos de la plataforma est\u00e1 [&hellip;]<\/p>\n","protected":false},"author":18,"featured_media":24251,"comment_status":"closed","ping_status":"closed","sticky":false,"template":"","format":"standard","meta":{"_acf_changed":false,"footnotes":""},"categories":[551],"tags":[772,750,1266,663,317],"class_list":["post-32752","post","type-post","status-publish","format-standard","has-post-thumbnail","hentry","category-noticias","tag-ops","tag-organizacion-panamericana-de-la-salud","tag-produccion-medicamentos","tag-tecnologias-en-salud","tag-vacunas"],"acf":[],"_links":{"self":[{"href":"https:\/\/ktechproduccion.net\/diariosalud.com\/wp-json\/wp\/v2\/posts\/32752","targetHints":{"allow":["GET"]}}],"collection":[{"href":"https:\/\/ktechproduccion.net\/diariosalud.com\/wp-json\/wp\/v2\/posts"}],"about":[{"href":"https:\/\/ktechproduccion.net\/diariosalud.com\/wp-json\/wp\/v2\/types\/post"}],"author":[{"embeddable":true,"href":"https:\/\/ktechproduccion.net\/diariosalud.com\/wp-json\/wp\/v2\/users\/18"}],"replies":[{"embeddable":true,"href":"https:\/\/ktechproduccion.net\/diariosalud.com\/wp-json\/wp\/v2\/comments?post=32752"}],"version-history":[{"count":0,"href":"https:\/\/ktechproduccion.net\/diariosalud.com\/wp-json\/wp\/v2\/posts\/32752\/revisions"}],"wp:featuredmedia":[{"embeddable":true,"href":"https:\/\/ktechproduccion.net\/diariosalud.com\/wp-json\/wp\/v2\/media\/24251"}],"wp:attachment":[{"href":"https:\/\/ktechproduccion.net\/diariosalud.com\/wp-json\/wp\/v2\/media?parent=32752"}],"wp:term":[{"taxonomy":"category","embeddable":true,"href":"https:\/\/ktechproduccion.net\/diariosalud.com\/wp-json\/wp\/v2\/categories?post=32752"},{"taxonomy":"post_tag","embeddable":true,"href":"https:\/\/ktechproduccion.net\/diariosalud.com\/wp-json\/wp\/v2\/tags?post=32752"}],"curies":[{"name":"wp","href":"https:\/\/api.w.org\/{rel}","templated":true}]}}