{"id":32750,"date":"2021-08-27T00:19:54","date_gmt":"2021-08-27T04:19:54","guid":{"rendered":"https:\/\/diariosalud.com\/uncategorized\/liderazgo-social-se-reunira-para-hablar-de-salud\/"},"modified":"2021-08-27T00:19:54","modified_gmt":"2021-08-27T04:19:54","slug":"liderazgo-social-se-reunira-para-hablar-de-salud","status":"publish","type":"post","link":"https:\/\/ktechproduccion.net\/diariosalud.com\/liderazgo-social-se-reunira-para-hablar-de-salud\/","title":{"rendered":"Liderazgo social se reunir\u00e1 para hablar de salud"},"content":{"rendered":"\n<p>SANTO DOMINGO.-La Alianza por el Derecho a la Salud (ADESA) pasar\u00e1 balance a la situaci\u00f3n sanitaria del pa\u00eds y aprobar\u00e1 un plan estrat\u00e9gico durante su IV Asamblea General a realizarse este s\u00e1bado 28 de agosto con la participaci\u00f3n de 140 l\u00edderes y lideresas sociales de 24 provincias.<\/p>\n\n\n\n<p>En&nbsp; la asamblea se realizar\u00e1 un panel en el que expondr\u00e1n el doctor Nelson Rodr\u00edguez Monegro, ex director del Servicio Nacional de Salud; la doctora Rosa Elcarte, representante en el pa\u00eds de UNICEF, y la doctora Lilliam Fondeur, experta en salud sexual y reproductiva. Har\u00e1n un an\u00e1lisis del sistema de salud y de los graves \u00edndices de mortalidad materna y neonatal del pa\u00eds.<\/p>\n\n\n\n<p>\u201cEste encuentro del liderazgo social, convocado para hablar de salud, se produce en un momento en el que hemos perdido m\u00e1s de 4 mil vidas por el Covid 19 y hemos visto agravar la crisis de un sistema sanitario que demanda grandes transformaciones\u201d, explica ADESA en una nota informativa.<\/p>\n\n\n\n<p>La asamblea se realizar\u00e1 en la Biblioteca Nacional Pedro Henr\u00edquez Ure\u00f1a, ubicada en la Plaza de la Cultura de la capital. Adem\u00e1s de los delegados y delegadas de las organizaciones afiliadas a ADESA, se espera la participaci\u00f3n de autoridades y gremios de salud, de l\u00edderes acad\u00e9micos y de organizaciones de la sociedad civil, as\u00ed como representantes de organismos internacionales.<\/p>\n\n\n\n<p>ADESA tambi\u00e9n aprobar\u00e1 un plan estrat\u00e9gico para los pr\u00f3ximos dos a\u00f1os en el que prioriza sus demandas de reformas sustancial de las leyes de salud y de seguridad social con el fin de enfocarlas a garantizar el derecho constitucional que tiene la poblaci\u00f3n de recibir del Estado servicios sanitarios de calidad a nivel preventivo y curativo.<\/p>\n","protected":false},"excerpt":{"rendered":"<p>SANTO DOMINGO.-La Alianza por el Derecho a la Salud (ADESA) pasar\u00e1 balance a la situaci\u00f3n sanitaria del pa\u00eds y aprobar\u00e1 un plan estrat\u00e9gico durante su IV Asamblea General a realizarse este s\u00e1bado 28 de agosto con la participaci\u00f3n de 140 l\u00edderes y lideresas sociales de 24 provincias. En&nbsp; la asamblea se realizar\u00e1 un panel en [&hellip;]<\/p>\n","protected":false},"author":18,"featured_media":24214,"comment_status":"closed","ping_status":"closed","sticky":false,"template":"","format":"standard","meta":{"_acf_changed":false,"footnotes":""},"categories":[551],"tags":[1061,1062,1265],"class_list":["post-32750","post","type-post","status-publish","format-standard","has-post-thumbnail","hentry","category-noticias","tag-adesa","tag-alianza-por-el-derecho-a-la-salud","tag-asamblea"],"acf":[],"_links":{"self":[{"href":"https:\/\/ktechproduccion.net\/diariosalud.com\/wp-json\/wp\/v2\/posts\/32750","targetHints":{"allow":["GET"]}}],"collection":[{"href":"https:\/\/ktechproduccion.net\/diariosalud.com\/wp-json\/wp\/v2\/posts"}],"about":[{"href":"https:\/\/ktechproduccion.net\/diariosalud.com\/wp-json\/wp\/v2\/types\/post"}],"author":[{"embeddable":true,"href":"https:\/\/ktechproduccion.net\/diariosalud.com\/wp-json\/wp\/v2\/users\/18"}],"replies":[{"embeddable":true,"href":"https:\/\/ktechproduccion.net\/diariosalud.com\/wp-json\/wp\/v2\/comments?post=32750"}],"version-history":[{"count":0,"href":"https:\/\/ktechproduccion.net\/diariosalud.com\/wp-json\/wp\/v2\/posts\/32750\/revisions"}],"wp:featuredmedia":[{"embeddable":true,"href":"https:\/\/ktechproduccion.net\/diariosalud.com\/wp-json\/wp\/v2\/media\/24214"}],"wp:attachment":[{"href":"https:\/\/ktechproduccion.net\/diariosalud.com\/wp-json\/wp\/v2\/media?parent=32750"}],"wp:term":[{"taxonomy":"category","embeddable":true,"href":"https:\/\/ktechproduccion.net\/diariosalud.com\/wp-json\/wp\/v2\/categories?post=32750"},{"taxonomy":"post_tag","embeddable":true,"href":"https:\/\/ktechproduccion.net\/diariosalud.com\/wp-json\/wp\/v2\/tags?post=32750"}],"curies":[{"name":"wp","href":"https:\/\/api.w.org\/{rel}","templated":true}]}}