{"id":32742,"date":"2021-08-26T05:11:53","date_gmt":"2021-08-26T09:11:53","guid":{"rendered":"https:\/\/diariosalud.com\/uncategorized\/impulsaran-produccion-de-vacunas-y-tecnologias-sanitarias-en-la-region\/"},"modified":"2021-08-26T05:11:53","modified_gmt":"2021-08-26T09:11:53","slug":"impulsaran-produccion-de-vacunas-y-tecnologias-sanitarias-en-la-region","status":"publish","type":"post","link":"https:\/\/ktechproduccion.net\/diariosalud.com\/impulsaran-produccion-de-vacunas-y-tecnologias-sanitarias-en-la-region\/","title":{"rendered":"Impulsar\u00e1n producci\u00f3n de vacunas y tecnolog\u00edas sanitarias en la regi\u00f3n"},"content":{"rendered":"\n<p>SANTO DOMINGO.-La Organizaci\u00f3n Panamericana de la Salud (OPS) lanzar\u00e1 este viernes la Plataforma Regional para el Avance en la Producci\u00f3n de Vacunas y otras Tecnolog\u00edas Sanitarias para la COVID-19 en las Am\u00e9ricas.<\/p>\n\n\n\n<p>Seg\u00fan explic\u00f3 la entidad en el anuncio del evento, el lanzamiento contar\u00e1 con un foro entre los Estados Miembros, organismo de Naciones Unidas y otros actores.<\/p>\n\n\n\n<p>La plataforma tiene como objetivo fomentar la investigaci\u00f3n e incentivar el desarrollo de tecnolog\u00edas de salud esenciales y estrat\u00e9gicas en Latinoam\u00e9rica y el Caribe, as\u00ed como ampliar las capacidades de producci\u00f3n para garantizar el acceso oportuno a estas herramientas.&nbsp;<\/p>\n","protected":false},"excerpt":{"rendered":"<p>SANTO DOMINGO.-La Organizaci\u00f3n Panamericana de la Salud (OPS) lanzar\u00e1 este viernes la Plataforma Regional para el Avance en la Producci\u00f3n de Vacunas y otras Tecnolog\u00edas Sanitarias para la COVID-19 en las Am\u00e9ricas. Seg\u00fan explic\u00f3 la entidad en el anuncio del evento, el lanzamiento contar\u00e1 con un foro entre los Estados Miembros, organismo de Naciones Unidas [&hellip;]<\/p>\n","protected":false},"author":18,"featured_media":24145,"comment_status":"closed","ping_status":"closed","sticky":false,"template":"","format":"standard","meta":{"_acf_changed":false,"footnotes":""},"categories":[551],"tags":[750,663,317],"class_list":["post-32742","post","type-post","status-publish","format-standard","has-post-thumbnail","hentry","category-noticias","tag-organizacion-panamericana-de-la-salud","tag-tecnologias-en-salud","tag-vacunas"],"acf":[],"_links":{"self":[{"href":"https:\/\/ktechproduccion.net\/diariosalud.com\/wp-json\/wp\/v2\/posts\/32742","targetHints":{"allow":["GET"]}}],"collection":[{"href":"https:\/\/ktechproduccion.net\/diariosalud.com\/wp-json\/wp\/v2\/posts"}],"about":[{"href":"https:\/\/ktechproduccion.net\/diariosalud.com\/wp-json\/wp\/v2\/types\/post"}],"author":[{"embeddable":true,"href":"https:\/\/ktechproduccion.net\/diariosalud.com\/wp-json\/wp\/v2\/users\/18"}],"replies":[{"embeddable":true,"href":"https:\/\/ktechproduccion.net\/diariosalud.com\/wp-json\/wp\/v2\/comments?post=32742"}],"version-history":[{"count":0,"href":"https:\/\/ktechproduccion.net\/diariosalud.com\/wp-json\/wp\/v2\/posts\/32742\/revisions"}],"wp:featuredmedia":[{"embeddable":true,"href":"https:\/\/ktechproduccion.net\/diariosalud.com\/wp-json\/wp\/v2\/media\/24145"}],"wp:attachment":[{"href":"https:\/\/ktechproduccion.net\/diariosalud.com\/wp-json\/wp\/v2\/media?parent=32742"}],"wp:term":[{"taxonomy":"category","embeddable":true,"href":"https:\/\/ktechproduccion.net\/diariosalud.com\/wp-json\/wp\/v2\/categories?post=32742"},{"taxonomy":"post_tag","embeddable":true,"href":"https:\/\/ktechproduccion.net\/diariosalud.com\/wp-json\/wp\/v2\/tags?post=32742"}],"curies":[{"name":"wp","href":"https:\/\/api.w.org\/{rel}","templated":true}]}}