{"id":32734,"date":"2021-08-24T21:25:51","date_gmt":"2021-08-25T01:25:51","guid":{"rendered":"https:\/\/diariosalud.com\/uncategorized\/destacan-impacto-del-dengue-en-pacientes-no-diagnosticados\/"},"modified":"2026-03-18T23:25:31","modified_gmt":"2026-03-18T22:25:31","slug":"destacan-impacto-del-dengue-en-pacientes-no-diagnosticados","status":"publish","type":"post","link":"https:\/\/ktechproduccion.net\/diariosalud.com\/destacan-impacto-del-dengue-en-pacientes-no-diagnosticados\/","title":{"rendered":"Destacan impacto del dengue en pacientes no diagnosticados"},"content":{"rendered":"\n<p>SANTO DOMINGO.- El <strong>dengue es una enfermedad viral, multisist\u00e9mica, din\u00e1mica que presenta manifestaciones cl\u00ednicas muy variadas<\/strong> y se presenta de manera frecuente en edad pedi\u00e1trica, por lo cual es importante que los profesionales de la salud est\u00e9n alertas para diferenciar los s\u00edntomas de otras enfermedades, as\u00ed lo explic\u00f3 la doctora Carmen Sarah Mota, pediatra infect\u00f3loga.<\/p>\n\n\n\n<p>La doctora Mota enfatiz\u00f3 en la importancia de que los padres que tengan ni\u00f1os con fiebre de dos o tres d\u00edas, independientemente si se acompa\u00f1a con s\u00edntomas generales o no, los lleven al pediatra, para que este determine cuales anal\u00edticas que se deben realizar para llegar a un diagn\u00f3stico.<\/p>\n\n\n\n<p>Al participar en el programa \u201c<strong>Lluvias y dengue, \u00bfC\u00f3mo evitar lo peor?<\/strong>\u201d, realizado por <strong>DiarioSalud TV<\/strong>, la especialista destac\u00f3 que el dengue y el COVID-19 son virus que presentan caracter\u00edsticas parecidas en hemogramas por lo cual es importante que los pediatras deben tener presente que adem\u00e1s de COVID-19 tambi\u00e9n puede haber dengue.<\/p>\n\n\n\n<p>Destac\u00f3 que la<strong> principal complicaci\u00f3n del dengue<\/strong> de una manera aguda es un <strong>choque no diagnosticado o manejado a tiempo que puede producir hipovolemia y el paciente pueda fallecer<\/strong>.&nbsp;<\/p>\n\n\n\n<p>Manifest\u00f3 que el manejo para esta enfermedad no es espec\u00edfico o un medicamento para el virus, por lo cual se maneja fundamentalmente es la condici\u00f3n hemodin\u00e1mica del paciente.&nbsp;<\/p>\n\n\n\n<p>Se\u00f1al\u00f3 que la vacuna aprobada por la FDA para esta enfermedad no cubre a los pacientes en edad pedi\u00e1trica, por lo cual es necesario trabajar en una vacuna que se pueda emplear en la poblaci\u00f3n m\u00e1s vulnerable.<\/p>\n\n\n\n<p>Para ver el programa completo haga clic <a href=\"https:\/\/www.youtube.com\/watch?v=1ZOL9bySlXg\">aqu\u00ed. <\/a><\/p>\n","protected":false},"excerpt":{"rendered":"<p>SANTO DOMINGO.- El dengue es una enfermedad viral, multisist\u00e9mica, din\u00e1mica que presenta manifestaciones cl\u00ednicas muy variadas y se presenta de manera frecuente en edad pedi\u00e1trica, por lo cual es importante que los profesionales de la salud est\u00e9n alertas para diferenciar los s\u00edntomas de otras enfermedades, as\u00ed lo explic\u00f3 la doctora Carmen Sarah Mota, pediatra infect\u00f3loga. [&hellip;]<\/p>\n","protected":false},"author":18,"featured_media":24209,"comment_status":"closed","ping_status":"closed","sticky":false,"template":"","format":"standard","meta":{"_acf_changed":false,"footnotes":""},"categories":[620],"tags":[1236,630,1244,106],"class_list":["post-32734","post","type-post","status-publish","format-standard","has-post-thumbnail","hentry","category-diariosalud-tv","tag-dengue","tag-diariosaludtv","tag-dra-carmen-sarah-mota","tag-infectologia"],"acf":[],"_links":{"self":[{"href":"https:\/\/ktechproduccion.net\/diariosalud.com\/wp-json\/wp\/v2\/posts\/32734","targetHints":{"allow":["GET"]}}],"collection":[{"href":"https:\/\/ktechproduccion.net\/diariosalud.com\/wp-json\/wp\/v2\/posts"}],"about":[{"href":"https:\/\/ktechproduccion.net\/diariosalud.com\/wp-json\/wp\/v2\/types\/post"}],"author":[{"embeddable":true,"href":"https:\/\/ktechproduccion.net\/diariosalud.com\/wp-json\/wp\/v2\/users\/18"}],"replies":[{"embeddable":true,"href":"https:\/\/ktechproduccion.net\/diariosalud.com\/wp-json\/wp\/v2\/comments?post=32734"}],"version-history":[{"count":1,"href":"https:\/\/ktechproduccion.net\/diariosalud.com\/wp-json\/wp\/v2\/posts\/32734\/revisions"}],"predecessor-version":[{"id":43935,"href":"https:\/\/ktechproduccion.net\/diariosalud.com\/wp-json\/wp\/v2\/posts\/32734\/revisions\/43935"}],"wp:featuredmedia":[{"embeddable":true,"href":"https:\/\/ktechproduccion.net\/diariosalud.com\/wp-json\/wp\/v2\/media\/24209"}],"wp:attachment":[{"href":"https:\/\/ktechproduccion.net\/diariosalud.com\/wp-json\/wp\/v2\/media?parent=32734"}],"wp:term":[{"taxonomy":"category","embeddable":true,"href":"https:\/\/ktechproduccion.net\/diariosalud.com\/wp-json\/wp\/v2\/categories?post=32734"},{"taxonomy":"post_tag","embeddable":true,"href":"https:\/\/ktechproduccion.net\/diariosalud.com\/wp-json\/wp\/v2\/tags?post=32734"}],"curies":[{"name":"wp","href":"https:\/\/api.w.org\/{rel}","templated":true}]}}