{"id":32732,"date":"2021-08-23T17:48:45","date_gmt":"2021-08-23T21:48:45","guid":{"rendered":"https:\/\/diariosalud.com\/uncategorized\/demandan-destinar-33-del-presupuesto-en-salud-para-atencion-primaria\/"},"modified":"2021-08-23T17:48:45","modified_gmt":"2021-08-23T21:48:45","slug":"demandan-destinar-33-del-presupuesto-en-salud-para-atencion-primaria","status":"publish","type":"post","link":"https:\/\/ktechproduccion.net\/diariosalud.com\/demandan-destinar-33-del-presupuesto-en-salud-para-atencion-primaria\/","title":{"rendered":"Demandan destinar 33 % del presupuesto en salud para atenci\u00f3n primaria"},"content":{"rendered":"\n<p>SANTO DOMINGO.-A prop\u00f3sito del proceso de elaboraci\u00f3n del Presupuesto Nacional del pr\u00f3ximo a\u00f1o, la <strong>Alianza Dominicana por el Derecho a la Salud (ADESA)<\/strong> asegur\u00f3 que es la ocasi\u00f3n oportuna para que se declare prioritario incrementar la inversi\u00f3n en y mejorar la calidad del gasto en salud, incluyendo destinar el 33 por ciento del presupuesto en salud para atenci\u00f3n primaria.<\/p>\n\n\n\n<p>Durante una rueda de prensa la entidad asegur\u00f3 que con la pandemia la poblaci\u00f3n qued\u00f3 sin acceso a servicios b\u00e1sicos tanto preventivos como curativos, lo que elev\u00f3 los \u00edndices de mortalidad materna y neonatal, as\u00ed como la prevalencia de enfermedades de alto costo como las cardiovasculares, la diabetes y la obesidad.<\/p>\n\n\n\n<p>La entidad expres\u00f3 que ha llegado la hora de transformar el sistema sanitario nacional para lo que se requiere invertir m\u00e1s a fin de acercarse a la meta trazada por la Organizaci\u00f3n Panamericana de la Salud de destinar el 6 por ciento del Producto Interno Bruto a salud.<\/p>\n\n\n\n<p>La <strong>coordinadora de la alianza, Alba Reyes <\/strong>dijo que es necesario contemplar la participaci\u00f3n de comunidades y dem\u00e1s actores en el proceso de di\u00e1logo para el rescate del sistema.<\/p>\n\n\n\n<p>ADESA anunci\u00f3 la celebraci\u00f3n de su IV Asamblea General este pr\u00f3ximo s\u00e1bado 28 de agosto, acto donde volver\u00e1 a alzar la voz por un mayor presupuesto en salud.<\/p>\n","protected":false},"excerpt":{"rendered":"<p>SANTO DOMINGO.-A prop\u00f3sito del proceso de elaboraci\u00f3n del Presupuesto Nacional del pr\u00f3ximo a\u00f1o, la Alianza Dominicana por el Derecho a la Salud (ADESA) asegur\u00f3 que es la ocasi\u00f3n oportuna para que se declare prioritario incrementar la inversi\u00f3n en y mejorar la calidad del gasto en salud, incluyendo destinar el 33 por ciento del presupuesto en [&hellip;]<\/p>\n","protected":false},"author":18,"featured_media":24214,"comment_status":"closed","ping_status":"closed","sticky":false,"template":"","format":"standard","meta":{"_acf_changed":false,"footnotes":""},"categories":[551],"tags":[1061,1062,353,854],"class_list":["post-32732","post","type-post","status-publish","format-standard","has-post-thumbnail","hentry","category-noticias","tag-adesa","tag-alianza-por-el-derecho-a-la-salud","tag-atencion-primaria","tag-inversion-en-salud"],"acf":[],"_links":{"self":[{"href":"https:\/\/ktechproduccion.net\/diariosalud.com\/wp-json\/wp\/v2\/posts\/32732","targetHints":{"allow":["GET"]}}],"collection":[{"href":"https:\/\/ktechproduccion.net\/diariosalud.com\/wp-json\/wp\/v2\/posts"}],"about":[{"href":"https:\/\/ktechproduccion.net\/diariosalud.com\/wp-json\/wp\/v2\/types\/post"}],"author":[{"embeddable":true,"href":"https:\/\/ktechproduccion.net\/diariosalud.com\/wp-json\/wp\/v2\/users\/18"}],"replies":[{"embeddable":true,"href":"https:\/\/ktechproduccion.net\/diariosalud.com\/wp-json\/wp\/v2\/comments?post=32732"}],"version-history":[{"count":0,"href":"https:\/\/ktechproduccion.net\/diariosalud.com\/wp-json\/wp\/v2\/posts\/32732\/revisions"}],"wp:featuredmedia":[{"embeddable":true,"href":"https:\/\/ktechproduccion.net\/diariosalud.com\/wp-json\/wp\/v2\/media\/24214"}],"wp:attachment":[{"href":"https:\/\/ktechproduccion.net\/diariosalud.com\/wp-json\/wp\/v2\/media?parent=32732"}],"wp:term":[{"taxonomy":"category","embeddable":true,"href":"https:\/\/ktechproduccion.net\/diariosalud.com\/wp-json\/wp\/v2\/categories?post=32732"},{"taxonomy":"post_tag","embeddable":true,"href":"https:\/\/ktechproduccion.net\/diariosalud.com\/wp-json\/wp\/v2\/tags?post=32732"}],"curies":[{"name":"wp","href":"https:\/\/api.w.org\/{rel}","templated":true}]}}