{"id":32728,"date":"2021-08-21T13:38:22","date_gmt":"2021-08-21T17:38:22","guid":{"rendered":"https:\/\/diariosalud.com\/uncategorized\/diariosalud-tv-invita-a-programa-sobre-dengue\/"},"modified":"2026-03-18T23:25:04","modified_gmt":"2026-03-18T22:25:04","slug":"diariosalud-tv-invita-a-programa-sobre-dengue","status":"publish","type":"post","link":"https:\/\/ktechproduccion.net\/diariosalud.com\/diariosalud-tv-invita-a-programa-sobre-dengue\/","title":{"rendered":"DiarioSalud TV invita a programa sobre dengue"},"content":{"rendered":"\n<p>SANTO DOMINGO.- Con el objetivo de orientar a la poblaci\u00f3n sobre las medidas a tomar con la temporada de lluvia y los rebrotes&nbsp; de dengue en el pa\u00eds, <strong>DiarioSalud TV<\/strong> realizar\u00e1 el programa <strong>\u201cLluvias y dengue,&nbsp; \u00bfC\u00f3mo evitar lo peor?\u201d.<\/strong><\/p>\n\n\n\n<p>Esta entrega contar\u00e1 con la participaci\u00f3n de la doctora Carmen Sarah Mota, pediatra infect\u00f3loga.<\/p>\n\n\n\n<p>La transmisi\u00f3n en vivo se llevar\u00e1 a cabo este martes 2,\u00a0 a las 4:00 de la tarde, a trav\u00e9s de las redes sociales de DiarioSalud.do, entra en desde tu red preferida y activa el recordatorio para que te notifique cuando salga en vivo.<\/p>\n\n\n\n<p>&#8211; <strong><a href=\"https:\/\/www.facebook.com\/394397953968394\/posts\/5905626936178774\/\">Facebook<\/a><\/strong><\/p>\n\n\n\n<p>&#8211;<strong><a href=\"https:\/\/twitter.com\/DiarioSaludDo\"> Twitter<\/a><\/strong><\/p>\n\n\n\n<p>&#8211;<strong><a href=\"https:\/\/www.youtube.com\/channel\/UCr7lkwus8NubqNCUiVL2dGQ\"> <\/a><a href=\"https:\/\/www.youtube.com\/watch?v=1ZOL9bySlXg\">Youtube<\/a><\/strong><\/p>\n\n\n\n<p>&#8211; <strong><a href=\"https:\/\/www.linkedin.com\/video\/event\/urn:li:ugcPost:6835490682304626688\/\">LinkedIn<\/a><\/strong><\/p>\n\n\n\n<p>Cada martes tenemos un especialista de la salud con un tema de inter\u00e9s colectivo. Recuerde que puede realizar sus preguntas y los invitados las responder\u00e1n en vivo.&nbsp; Para participar en el programa solo debe acceder a nuestras redes sociales.<\/p>\n","protected":false},"excerpt":{"rendered":"<p>SANTO DOMINGO.- Con el objetivo de orientar a la poblaci\u00f3n sobre las medidas a tomar con la temporada de lluvia y los rebrotes&nbsp; de dengue en el pa\u00eds, DiarioSalud TV realizar\u00e1 el programa \u201cLluvias y dengue,&nbsp; \u00bfC\u00f3mo evitar lo peor?\u201d. Esta entrega contar\u00e1 con la participaci\u00f3n de la doctora Carmen Sarah Mota, pediatra infect\u00f3loga. La [&hellip;]<\/p>\n","protected":false},"author":18,"featured_media":24209,"comment_status":"closed","ping_status":"closed","sticky":false,"template":"","format":"standard","meta":{"_acf_changed":false,"footnotes":""},"categories":[620],"tags":[1236,1244,106],"class_list":["post-32728","post","type-post","status-publish","format-standard","has-post-thumbnail","hentry","category-diariosalud-tv","tag-dengue","tag-dra-carmen-sarah-mota","tag-infectologia"],"acf":[],"_links":{"self":[{"href":"https:\/\/ktechproduccion.net\/diariosalud.com\/wp-json\/wp\/v2\/posts\/32728","targetHints":{"allow":["GET"]}}],"collection":[{"href":"https:\/\/ktechproduccion.net\/diariosalud.com\/wp-json\/wp\/v2\/posts"}],"about":[{"href":"https:\/\/ktechproduccion.net\/diariosalud.com\/wp-json\/wp\/v2\/types\/post"}],"author":[{"embeddable":true,"href":"https:\/\/ktechproduccion.net\/diariosalud.com\/wp-json\/wp\/v2\/users\/18"}],"replies":[{"embeddable":true,"href":"https:\/\/ktechproduccion.net\/diariosalud.com\/wp-json\/wp\/v2\/comments?post=32728"}],"version-history":[{"count":1,"href":"https:\/\/ktechproduccion.net\/diariosalud.com\/wp-json\/wp\/v2\/posts\/32728\/revisions"}],"predecessor-version":[{"id":43934,"href":"https:\/\/ktechproduccion.net\/diariosalud.com\/wp-json\/wp\/v2\/posts\/32728\/revisions\/43934"}],"wp:featuredmedia":[{"embeddable":true,"href":"https:\/\/ktechproduccion.net\/diariosalud.com\/wp-json\/wp\/v2\/media\/24209"}],"wp:attachment":[{"href":"https:\/\/ktechproduccion.net\/diariosalud.com\/wp-json\/wp\/v2\/media?parent=32728"}],"wp:term":[{"taxonomy":"category","embeddable":true,"href":"https:\/\/ktechproduccion.net\/diariosalud.com\/wp-json\/wp\/v2\/categories?post=32728"},{"taxonomy":"post_tag","embeddable":true,"href":"https:\/\/ktechproduccion.net\/diariosalud.com\/wp-json\/wp\/v2\/tags?post=32728"}],"curies":[{"name":"wp","href":"https:\/\/api.w.org\/{rel}","templated":true}]}}