{"id":32725,"date":"2021-08-20T15:02:48","date_gmt":"2021-08-20T19:02:48","guid":{"rendered":"https:\/\/diariosalud.com\/uncategorized\/confirman-373-casos-nuevos-de-covid-19\/"},"modified":"2021-08-20T15:02:48","modified_gmt":"2021-08-20T19:02:48","slug":"confirman-373-casos-nuevos-de-covid-19","status":"publish","type":"post","link":"https:\/\/ktechproduccion.net\/diariosalud.com\/confirman-373-casos-nuevos-de-covid-19\/","title":{"rendered":"Confirman 373 casos nuevos de COVID-19"},"content":{"rendered":"\n<p>SANTO DOMINGO.-El <strong>Ministerio de Salud,<\/strong> a trav\u00e9s de su <strong>Direcci\u00f3n General de Epidemiolog\u00eda <\/strong>inform\u00f3 este viernes que en las \u00faltimas 24 horas <strong>se procesaron 7,178 pruebas para detectar el virus SARS-CoV-2<\/strong>, de las cuales 4,551 corresponden a pruebas por primera vez.<\/p>\n\n\n\n<p>Al corte de este jueves <strong>se confirmaron 373 casos nuevos en el pa\u00eds<\/strong>, con los que asciende a 347,370 el total de personas que se han infectado con el virus desde que inici\u00f3 la pandemia.<\/p>\n\n\n\n<p>Por segundo d\u00eda consecutivo no se notificaron muertes de pacientes con COVID-19, por lo&nbsp; que la cifra de fallecimientos se mantiene en 3,989, con una tasa de letalidad del 1.15 por ciento y una mortalidad de 381.78 por mill\u00f3n de habitantes.<\/p>\n\n\n\n<p>&nbsp;Hasta la fecha 338,146 personas se han recuperado de esta infecci\u00f3n y 5,235 casos est\u00e1n activos.<\/p>\n\n\n\n<p>En cuanto a los grupos de riesgo, los datos del bolet\u00edn epidemiol\u00f3gico n\u00famero 519 muestra que el 25.42 por ciento de las personas que han muerto con COVI-19 ten\u00eda hipertensi\u00f3n y un 15.87 por ciento ten\u00edan diabetes, 1,409 trabajadores de la salud se han infectado con el virus, as\u00ed como 1,227 embarazadas y 38,050 menores de 20 a\u00f1os.<\/p>\n\n\n\n<p>De 2,417 camas dispuestas en la Red Hospitalaria 424 est\u00e1n ocupadas, lo que representa un 18 por ciento, mientras que en Unidades de Cuidados Intensivos est\u00e1n ingresados 120 pacientes, ocupando el 21 por ciento de las 559 camas. El 16 por ciento de los ventiladores est\u00e1 en uso, 70 de 447.<\/p>\n","protected":false},"excerpt":{"rendered":"<p>SANTO DOMINGO.-El Ministerio de Salud, a trav\u00e9s de su Direcci\u00f3n General de Epidemiolog\u00eda inform\u00f3 este viernes que en las \u00faltimas 24 horas se procesaron 7,178 pruebas para detectar el virus SARS-CoV-2, de las cuales 4,551 corresponden a pruebas por primera vez. Al corte de este jueves se confirmaron 373 casos nuevos en el pa\u00eds, con [&hellip;]<\/p>\n","protected":false},"author":18,"featured_media":24203,"comment_status":"closed","ping_status":"closed","sticky":false,"template":"","format":"standard","meta":{"_acf_changed":false,"footnotes":""},"categories":[551],"tags":[127,512,178],"class_list":["post-32725","post","type-post","status-publish","format-standard","has-post-thumbnail","hentry","category-noticias","tag-covid19","tag-ministerio-de-salud-publica","tag-pandemia"],"acf":[],"_links":{"self":[{"href":"https:\/\/ktechproduccion.net\/diariosalud.com\/wp-json\/wp\/v2\/posts\/32725","targetHints":{"allow":["GET"]}}],"collection":[{"href":"https:\/\/ktechproduccion.net\/diariosalud.com\/wp-json\/wp\/v2\/posts"}],"about":[{"href":"https:\/\/ktechproduccion.net\/diariosalud.com\/wp-json\/wp\/v2\/types\/post"}],"author":[{"embeddable":true,"href":"https:\/\/ktechproduccion.net\/diariosalud.com\/wp-json\/wp\/v2\/users\/18"}],"replies":[{"embeddable":true,"href":"https:\/\/ktechproduccion.net\/diariosalud.com\/wp-json\/wp\/v2\/comments?post=32725"}],"version-history":[{"count":0,"href":"https:\/\/ktechproduccion.net\/diariosalud.com\/wp-json\/wp\/v2\/posts\/32725\/revisions"}],"wp:featuredmedia":[{"embeddable":true,"href":"https:\/\/ktechproduccion.net\/diariosalud.com\/wp-json\/wp\/v2\/media\/24203"}],"wp:attachment":[{"href":"https:\/\/ktechproduccion.net\/diariosalud.com\/wp-json\/wp\/v2\/media?parent=32725"}],"wp:term":[{"taxonomy":"category","embeddable":true,"href":"https:\/\/ktechproduccion.net\/diariosalud.com\/wp-json\/wp\/v2\/categories?post=32725"},{"taxonomy":"post_tag","embeddable":true,"href":"https:\/\/ktechproduccion.net\/diariosalud.com\/wp-json\/wp\/v2\/tags?post=32725"}],"curies":[{"name":"wp","href":"https:\/\/api.w.org\/{rel}","templated":true}]}}