{"id":32723,"date":"2021-08-19T17:37:01","date_gmt":"2021-08-19T21:37:01","guid":{"rendered":"https:\/\/diariosalud.com\/uncategorized\/inauguran-unidad-de-lipidos-en-hs-medical-center\/"},"modified":"2021-08-19T17:37:01","modified_gmt":"2021-08-19T21:37:01","slug":"inauguran-unidad-de-lipidos-en-hs-medical-center","status":"publish","type":"post","link":"https:\/\/ktechproduccion.net\/diariosalud.com\/inauguran-unidad-de-lipidos-en-hs-medical-center\/","title":{"rendered":"Inauguran Unidad de L\u00edpidos en HS Medical Center"},"content":{"rendered":"\n<p>SANTO DOMINGO.-El <strong>Centro M\u00e9dico HS Medical Center<\/strong> inaugur\u00f3 este mi\u00e9rcoles su <strong>Unidad de L\u00edpidos<\/strong>,\u00a0 primera unidad en el pa\u00eds que identificara y tratar\u00e1 pacientes con los des\u00f3rdenes gen\u00e9ticos que favorecen dislipidemias complejas\u00a0 o elevaci\u00f3n colesterol de manera exagerada y que favorece el riesgo de desarrollo de enfermedad cardiovascular en poblaci\u00f3n m\u00e1s\u00a0 joven.<\/p>\n\n\n\n<p>La <strong>doctora M\u00e1xima M\u00e9ndez, m\u00e1ster L\u00edpidos por la National Lipid Association, Chicago<\/strong>, quien es la coordinadora de la Unidad, hizo la presentaci\u00f3n del espacio y de los profesionales que componen el equipo humano.<\/p>\n\n\n\n<p>Seg\u00fan explic\u00f3 la doctora M\u00e1xima M\u00e9ndez, buscan convertirse en el centro de referencia de investigaci\u00f3n y manejo de las dislipidemias complejas tanto a nivel nacional como internacional.<\/p>\n\n\n\n<p>&nbsp;A la cardi\u00f3loga M\u00e1xima M\u00e9ndez le acompa\u00f1a el doctor Demian Herrera, pediatra con entrenamientos en Errores Innatos del Metabolismo; doctora Ang\u00e9lica Grull\u00f3n, cardi\u00f3loga pediatra, ecocardiografista pedi\u00e1trica y fetal; doctora Massiel Morales, pediatra especialista en Gen\u00e9tica humana y gen\u00f3mica; doctora Awilda Montes de Oca, nutri\u00f3loga especialista en nutrici\u00f3n materno infantil; y el doctor Vicente San Mart\u00edn, especialista en Endocrinolog\u00eda, Diabetes y Metabolismo.<\/p>\n\n\n\n<p>El acto de lanzamiento cont\u00f3 con la participaci\u00f3n de personalidades del \u00e1mbito de la salud como el senador por La Romana, doctor Iv\u00e1n Silva, la presidenta de la Sociedad Dominicana de Pediatr\u00eda,&nbsp; doctora Luz Herrera, el presidente de la Sociedad Dominicana de Hematolog\u00eda y Oncolog\u00eda, doctor Yadir Alexis Ram\u00edrez, entre otros.<\/p>\n\n\n\n<figure class=\"wp-block-image size-large is-resized\"><img fetchpriority=\"high\" decoding=\"async\" src=\"https:\/\/ktechproduccion.net\/diariosalud.com\/wp-content\/uploads\/2021\/08\/Maxima-lipidos.jpg\" alt=\"\" class=\"wp-image-36483\" width=\"404\" height=\"274\"\/><\/figure>\n","protected":false},"excerpt":{"rendered":"<p>SANTO DOMINGO.-El Centro M\u00e9dico HS Medical Center inaugur\u00f3 este mi\u00e9rcoles su Unidad de L\u00edpidos,\u00a0 primera unidad en el pa\u00eds que identificara y tratar\u00e1 pacientes con los des\u00f3rdenes gen\u00e9ticos que favorecen dislipidemias complejas\u00a0 o elevaci\u00f3n colesterol de manera exagerada y que favorece el riesgo de desarrollo de enfermedad cardiovascular en poblaci\u00f3n m\u00e1s\u00a0 joven. La doctora M\u00e1xima [&hellip;]<\/p>\n","protected":false},"author":18,"featured_media":24200,"comment_status":"closed","ping_status":"closed","sticky":false,"template":"","format":"standard","meta":{"_acf_changed":false,"footnotes":""},"categories":[551],"tags":[1058,363,1241,1242],"class_list":["post-32723","post","type-post","status-publish","format-standard","has-post-thumbnail","hentry","category-noticias","tag-clinicas-y-hospitales","tag-dra-maxima-mendez","tag-hs-medical-center","tag-unidad-de-lipidos"],"acf":[],"_links":{"self":[{"href":"https:\/\/ktechproduccion.net\/diariosalud.com\/wp-json\/wp\/v2\/posts\/32723","targetHints":{"allow":["GET"]}}],"collection":[{"href":"https:\/\/ktechproduccion.net\/diariosalud.com\/wp-json\/wp\/v2\/posts"}],"about":[{"href":"https:\/\/ktechproduccion.net\/diariosalud.com\/wp-json\/wp\/v2\/types\/post"}],"author":[{"embeddable":true,"href":"https:\/\/ktechproduccion.net\/diariosalud.com\/wp-json\/wp\/v2\/users\/18"}],"replies":[{"embeddable":true,"href":"https:\/\/ktechproduccion.net\/diariosalud.com\/wp-json\/wp\/v2\/comments?post=32723"}],"version-history":[{"count":0,"href":"https:\/\/ktechproduccion.net\/diariosalud.com\/wp-json\/wp\/v2\/posts\/32723\/revisions"}],"wp:featuredmedia":[{"embeddable":true,"href":"https:\/\/ktechproduccion.net\/diariosalud.com\/wp-json\/wp\/v2\/media\/24200"}],"wp:attachment":[{"href":"https:\/\/ktechproduccion.net\/diariosalud.com\/wp-json\/wp\/v2\/media?parent=32723"}],"wp:term":[{"taxonomy":"category","embeddable":true,"href":"https:\/\/ktechproduccion.net\/diariosalud.com\/wp-json\/wp\/v2\/categories?post=32723"},{"taxonomy":"post_tag","embeddable":true,"href":"https:\/\/ktechproduccion.net\/diariosalud.com\/wp-json\/wp\/v2\/tags?post=32723"}],"curies":[{"name":"wp","href":"https:\/\/api.w.org\/{rel}","templated":true}]}}