{"id":32713,"date":"2021-08-17T16:48:48","date_gmt":"2021-08-17T20:48:48","guid":{"rendered":"https:\/\/diariosalud.com\/uncategorized\/asociaciones-de-alzheimer-discutiran-sobre-decisiones-familiares-dificiles-ante-el-diagnostico-de-alzheimer-incipiente\/"},"modified":"2021-08-17T16:48:48","modified_gmt":"2021-08-17T20:48:48","slug":"asociaciones-de-alzheimer-discutiran-sobre-decisiones-familiares-dificiles-ante-el-diagnostico-de-alzheimer-incipiente","status":"publish","type":"post","link":"https:\/\/ktechproduccion.net\/diariosalud.com\/asociaciones-de-alzheimer-discutiran-sobre-decisiones-familiares-dificiles-ante-el-diagnostico-de-alzheimer-incipiente\/","title":{"rendered":"Asociaciones de Alzheimer discutir\u00e1n sobre decisiones familiares dif\u00edciles ante el diagn\u00f3stico de Alzheimer incipiente"},"content":{"rendered":"\n<p>SANTO DOMINGO.-&nbsp; La <strong>Asociaci\u00f3n Dominicana de Alzheimer y Similares<\/strong> (ADAS) y <strong>Alzheimer Ibero Am\u00e9rica<\/strong>&nbsp;invitan a la conferencia \u201c<strong>Decisiones familiares dif\u00edciles ante el diagn\u00f3stico de Alzheimer incipiente \u00bfQu\u00e9 debemos hacer y conocer?<\/strong>\u201d, a cargo del doctor Dagoberto G\u00fc\u00edlamo, m\u00e9dico geriatra-internista.<\/p>\n\n\n\n<p>El evento que se realiza con el objetivo de contribuir con un mejor manejo de la enfermedad de Alzheimer, se realiza en conjunto con <strong>Doctores Mall\u00e9n Guerra<\/strong>, a trav\u00e9s de<strong> Laboratorios Baliarda<\/strong>, con sus marcas <strong>Neuroplus<\/strong>, <strong>Neuroplus Duo<\/strong> y <strong>Donecla<\/strong>r, y cuenta con la colaboraci\u00f3n de <strong>DiarioSalud<\/strong>.<\/p>\n\n\n\n<p>La actividad se realizar\u00e1 el jueves 19 de agosto, a las 7:00 de la noche. Para reservar su cupo acceda a <a href=\"http:\/\/www.diariosalud.do\/mallen\">www.diariosalud.do\/mallen<\/a>.&nbsp;&nbsp;<\/p>\n","protected":false},"excerpt":{"rendered":"<p>SANTO DOMINGO.-&nbsp; La Asociaci\u00f3n Dominicana de Alzheimer y Similares (ADAS) y Alzheimer Ibero Am\u00e9rica&nbsp;invitan a la conferencia \u201cDecisiones familiares dif\u00edciles ante el diagn\u00f3stico de Alzheimer incipiente \u00bfQu\u00e9 debemos hacer y conocer?\u201d, a cargo del doctor Dagoberto G\u00fc\u00edlamo, m\u00e9dico geriatra-internista. El evento que se realiza con el objetivo de contribuir con un mejor manejo de la [&hellip;]<\/p>\n","protected":false},"author":18,"featured_media":24180,"comment_status":"closed","ping_status":"closed","sticky":false,"template":"","format":"standard","meta":{"_acf_changed":false,"footnotes":""},"categories":[551],"tags":[1233,502,403,463],"class_list":["post-32713","post","type-post","status-publish","format-standard","has-post-thumbnail","hentry","category-noticias","tag-alzheimer-ibero-america","tag-asociacion-dominicana-de-alzheimer-y-similares","tag-doctores-mallen-guerra","tag-laboratorios-baliarda"],"acf":[],"_links":{"self":[{"href":"https:\/\/ktechproduccion.net\/diariosalud.com\/wp-json\/wp\/v2\/posts\/32713","targetHints":{"allow":["GET"]}}],"collection":[{"href":"https:\/\/ktechproduccion.net\/diariosalud.com\/wp-json\/wp\/v2\/posts"}],"about":[{"href":"https:\/\/ktechproduccion.net\/diariosalud.com\/wp-json\/wp\/v2\/types\/post"}],"author":[{"embeddable":true,"href":"https:\/\/ktechproduccion.net\/diariosalud.com\/wp-json\/wp\/v2\/users\/18"}],"replies":[{"embeddable":true,"href":"https:\/\/ktechproduccion.net\/diariosalud.com\/wp-json\/wp\/v2\/comments?post=32713"}],"version-history":[{"count":0,"href":"https:\/\/ktechproduccion.net\/diariosalud.com\/wp-json\/wp\/v2\/posts\/32713\/revisions"}],"wp:featuredmedia":[{"embeddable":true,"href":"https:\/\/ktechproduccion.net\/diariosalud.com\/wp-json\/wp\/v2\/media\/24180"}],"wp:attachment":[{"href":"https:\/\/ktechproduccion.net\/diariosalud.com\/wp-json\/wp\/v2\/media?parent=32713"}],"wp:term":[{"taxonomy":"category","embeddable":true,"href":"https:\/\/ktechproduccion.net\/diariosalud.com\/wp-json\/wp\/v2\/categories?post=32713"},{"taxonomy":"post_tag","embeddable":true,"href":"https:\/\/ktechproduccion.net\/diariosalud.com\/wp-json\/wp\/v2\/tags?post=32713"}],"curies":[{"name":"wp","href":"https:\/\/api.w.org\/{rel}","templated":true}]}}