{"id":32706,"date":"2021-08-14T19:33:31","date_gmt":"2021-08-14T23:33:31","guid":{"rendered":"https:\/\/diariosalud.com\/uncategorized\/pais-recibe-nuevo-lote-de-vacunas\/"},"modified":"2021-08-14T19:33:31","modified_gmt":"2021-08-14T23:33:31","slug":"pais-recibe-nuevo-lote-de-vacunas","status":"publish","type":"post","link":"https:\/\/ktechproduccion.net\/diariosalud.com\/pais-recibe-nuevo-lote-de-vacunas\/","title":{"rendered":"Pa\u00eds recibe nuevo lote de vacunas"},"content":{"rendered":"\n<p>SANTO DOMINGO.-Rep\u00fablica Dominicana recibi\u00f3 este viernes un nuevo lote de 431,730 dosis de la farmac\u00e9utica Pfizer- Biontech,&nbsp; que ser\u00e1 incluido en el Plan Nacional de Vacunaci\u00f3n.&nbsp;<\/p>\n\n\n\n<p>Seg\u00fan inform\u00f3 la<strong> vicepresidenta y coordinadora del Gabinete de Salud, Raquel Pe\u00f1a,<\/strong> las vacunas llegaron en el vuelo Kalitta Charters por el Aeropuerto Internacional de Las Am\u00e9ricas, a las 2:00 de la tarde.\u00a0<\/p>\n\n\n\n<p>El pa\u00eds lleva un total de 10,601,438 de dosis aplicadas, de las que 4,438,630 personas han completado el esquema de vacunaci\u00f3n e igual cantidad de personas tienen dos vacunas, unas 5,657,720 cuentan con la primera dosis y 505, 088 recibieron el refuerzo.<\/p>\n","protected":false},"excerpt":{"rendered":"<p>SANTO DOMINGO.-Rep\u00fablica Dominicana recibi\u00f3 este viernes un nuevo lote de 431,730 dosis de la farmac\u00e9utica Pfizer- Biontech,&nbsp; que ser\u00e1 incluido en el Plan Nacional de Vacunaci\u00f3n.&nbsp; Seg\u00fan inform\u00f3 la vicepresidenta y coordinadora del Gabinete de Salud, Raquel Pe\u00f1a, las vacunas llegaron en el vuelo Kalitta Charters por el Aeropuerto Internacional de Las Am\u00e9ricas, a las [&hellip;]<\/p>\n","protected":false},"author":18,"featured_media":24164,"comment_status":"closed","ping_status":"closed","sticky":false,"template":"","format":"standard","meta":{"_acf_changed":false,"footnotes":""},"categories":[551],"tags":[1207,1081,1090],"class_list":["post-32706","post","type-post","status-publish","format-standard","has-post-thumbnail","hentry","category-noticias","tag-plan-nacional-vacunacion","tag-vacunas-covid-19","tag-vicepresidenta-raquel-pena"],"acf":[],"_links":{"self":[{"href":"https:\/\/ktechproduccion.net\/diariosalud.com\/wp-json\/wp\/v2\/posts\/32706","targetHints":{"allow":["GET"]}}],"collection":[{"href":"https:\/\/ktechproduccion.net\/diariosalud.com\/wp-json\/wp\/v2\/posts"}],"about":[{"href":"https:\/\/ktechproduccion.net\/diariosalud.com\/wp-json\/wp\/v2\/types\/post"}],"author":[{"embeddable":true,"href":"https:\/\/ktechproduccion.net\/diariosalud.com\/wp-json\/wp\/v2\/users\/18"}],"replies":[{"embeddable":true,"href":"https:\/\/ktechproduccion.net\/diariosalud.com\/wp-json\/wp\/v2\/comments?post=32706"}],"version-history":[{"count":0,"href":"https:\/\/ktechproduccion.net\/diariosalud.com\/wp-json\/wp\/v2\/posts\/32706\/revisions"}],"wp:featuredmedia":[{"embeddable":true,"href":"https:\/\/ktechproduccion.net\/diariosalud.com\/wp-json\/wp\/v2\/media\/24164"}],"wp:attachment":[{"href":"https:\/\/ktechproduccion.net\/diariosalud.com\/wp-json\/wp\/v2\/media?parent=32706"}],"wp:term":[{"taxonomy":"category","embeddable":true,"href":"https:\/\/ktechproduccion.net\/diariosalud.com\/wp-json\/wp\/v2\/categories?post=32706"},{"taxonomy":"post_tag","embeddable":true,"href":"https:\/\/ktechproduccion.net\/diariosalud.com\/wp-json\/wp\/v2\/tags?post=32706"}],"curies":[{"name":"wp","href":"https:\/\/api.w.org\/{rel}","templated":true}]}}