{"id":32693,"date":"2021-08-10T17:22:17","date_gmt":"2021-08-10T21:22:17","guid":{"rendered":"https:\/\/diariosalud.com\/uncategorized\/que-se-sabe-sobre-el-virus-de-marburgo-identificado-en-africa-occidental\/"},"modified":"2021-08-10T17:22:17","modified_gmt":"2021-08-10T21:22:17","slug":"que-se-sabe-sobre-el-virus-de-marburgo-identificado-en-africa-occidental","status":"publish","type":"post","link":"https:\/\/ktechproduccion.net\/diariosalud.com\/que-se-sabe-sobre-el-virus-de-marburgo-identificado-en-africa-occidental\/","title":{"rendered":"\u00bfQu\u00e9 se sabe sobre el virus de Marburgo identificado en \u00c1frica Occidental?"},"content":{"rendered":"\n<p>SANTO DOMINGO.- El <strong>virus de Marburgo<\/strong> es una <strong>enfermedad virulenta altamente contagiosa<\/strong> que pertenece a la familia de los virus o Filoviridae (filovirus) que causan el \u00e9bola.<\/p>\n\n\n\n<p>De acuerdo a la Organizaci\u00f3n Mundial de la Salud (OMS)&nbsp; la enfermedad fue detectada por primera vez en 1967 cuando se registraron grandes brotes en Marburgo y Frankfurt (Alemania) y en Belgrado (Serbia).<\/p>\n\n\n\n<p>Recientemente la OMS mediante un comunicado confirm\u00f3 el fallecimiento de un paciente por esta enfermedad en Guinea.<\/p>\n\n\n\n<p>&nbsp;\u201cEstamos trabajando con las autoridades sanitarias locales para implementar una respuesta r\u00e1pida basada en la experiencia y los conocimientos adquiridos por Guinea en el manejo de la epidemia de la enfermedad por el virus del \u00c9bola, que se transmite de manera similar\u201d, asever\u00f3 el Dr. Matshidiso Moeti, Director Regional de la Organizaci\u00f3n Mundial de la Salud (OMS) para \u00c1frica.<\/p>\n\n\n\n<p>Como parte de las medidas para enfrentar la propagaci\u00f3n de la infecci\u00f3n y apoyar a las autoridades sanitarias de Guinea, el organismo de salud internacional mand\u00f3 un equipo de 10 expertos, entre ellos epidemi\u00f3logos y socioantrop\u00f3logos.<\/p>\n\n\n\n<p>El virus de Marburgo se transmite a los humanos&nbsp; por los murci\u00e9lagos frug\u00edvoros.<\/p>\n\n\n\n<p>Es una enfermedad que se contagia mediante el contacto directo con fluidos corporales, superficies o materiales que han estado en contacto con la persona infectada.<\/p>\n\n\n\n<p>Sus manifestaciones cl\u00ednicas iniciales son: f<strong>iebre alta, fuerte dolor de cabeza y posibles molestias<\/strong>. Las tasas de <strong>letalidad han oscilado entre el 24% y el 88% en brotes anteriores<\/strong>, seg\u00fan la cepa del virus y la gesti\u00f3n del caso.<\/p>\n\n\n\n<p>Seg\u00fan la OMS aunque no existen vacunas o tratamientos antivirales aprobados para tratar el virus, la rehidrataci\u00f3n oral o intravenosa y el tratamiento de s\u00edntomas espec\u00edficos mejoran las tasas de supervivencia.<\/p>\n\n\n\n<p>Asimismo explica que en la actualidad se eval\u00faan una serie de tratamientos potenciales, que incluyen productos sangu\u00edneos, terapias inmunes y tratamientos con medicamentos.<\/p>\n","protected":false},"excerpt":{"rendered":"<p>SANTO DOMINGO.- El virus de Marburgo es una enfermedad virulenta altamente contagiosa que pertenece a la familia de los virus o Filoviridae (filovirus) que causan el \u00e9bola. De acuerdo a la Organizaci\u00f3n Mundial de la Salud (OMS)&nbsp; la enfermedad fue detectada por primera vez en 1967 cuando se registraron grandes brotes en Marburgo y Frankfurt [&hellip;]<\/p>\n","protected":false},"author":18,"featured_media":24141,"comment_status":"closed","ping_status":"closed","sticky":false,"template":"","format":"standard","meta":{"_acf_changed":false,"footnotes":""},"categories":[551],"tags":[106,284,1214],"class_list":["post-32693","post","type-post","status-publish","format-standard","has-post-thumbnail","hentry","category-noticias","tag-infectologia","tag-virus","tag-virus-de-marburgo"],"acf":[],"_links":{"self":[{"href":"https:\/\/ktechproduccion.net\/diariosalud.com\/wp-json\/wp\/v2\/posts\/32693","targetHints":{"allow":["GET"]}}],"collection":[{"href":"https:\/\/ktechproduccion.net\/diariosalud.com\/wp-json\/wp\/v2\/posts"}],"about":[{"href":"https:\/\/ktechproduccion.net\/diariosalud.com\/wp-json\/wp\/v2\/types\/post"}],"author":[{"embeddable":true,"href":"https:\/\/ktechproduccion.net\/diariosalud.com\/wp-json\/wp\/v2\/users\/18"}],"replies":[{"embeddable":true,"href":"https:\/\/ktechproduccion.net\/diariosalud.com\/wp-json\/wp\/v2\/comments?post=32693"}],"version-history":[{"count":0,"href":"https:\/\/ktechproduccion.net\/diariosalud.com\/wp-json\/wp\/v2\/posts\/32693\/revisions"}],"wp:featuredmedia":[{"embeddable":true,"href":"https:\/\/ktechproduccion.net\/diariosalud.com\/wp-json\/wp\/v2\/media\/24141"}],"wp:attachment":[{"href":"https:\/\/ktechproduccion.net\/diariosalud.com\/wp-json\/wp\/v2\/media?parent=32693"}],"wp:term":[{"taxonomy":"category","embeddable":true,"href":"https:\/\/ktechproduccion.net\/diariosalud.com\/wp-json\/wp\/v2\/categories?post=32693"},{"taxonomy":"post_tag","embeddable":true,"href":"https:\/\/ktechproduccion.net\/diariosalud.com\/wp-json\/wp\/v2\/tags?post=32693"}],"curies":[{"name":"wp","href":"https:\/\/api.w.org\/{rel}","templated":true}]}}