{"id":32688,"date":"2021-08-10T13:05:57","date_gmt":"2021-08-10T17:05:57","guid":{"rendered":"https:\/\/diariosalud.com\/uncategorized\/dos-provincias-mas-se-acercan-al-70-de-vacunados\/"},"modified":"2021-08-10T13:05:57","modified_gmt":"2021-08-10T17:05:57","slug":"dos-provincias-mas-se-acercan-al-70-de-vacunados","status":"publish","type":"post","link":"https:\/\/ktechproduccion.net\/diariosalud.com\/dos-provincias-mas-se-acercan-al-70-de-vacunados\/","title":{"rendered":"Dos provincias m\u00e1s se acercan al 70% de vacunados"},"content":{"rendered":"\n<p>SANTO DOMINGO.-Las <strong>provincias Espaillat y Pedernales <\/strong>podr\u00edan ser las pr\u00f3ximas demarcaciones sin toque de queda, dado que se aproximan a tener el 70 por ciento de su poblaci\u00f3n vacunada con ambas dosis\u00a0 contra COVID-19.<\/p>\n\n\n\n<p>Seg\u00fan los datos del <strong>Plan Nacional de Vacunaci\u00f3n \u201cVac\u00fanateRD<\/strong>\u201d, en la provincia Espaillat el 69.2 por ciento de la poblaci\u00f3n ha recibido la primera dosis y el 61.7 por ciento tiene ambas dosis aplicadas.<\/p>\n\n\n\n<p>Mientras que en Pedernales el 81.2 por ciento de los habitantes mayores de 18 a\u00f1os ha recibido la primera dosis y el 60.1 por ciento ha recibido ambas dosis de vacuna.<\/p>\n\n\n\n<p>El informe actualizado al 8 de agosto y compartido este lunes muestra que el 66.5 por ciento de la poblaci\u00f3n nacional mayor de 18 a\u00f1os tiene la primera dosis aplicada mientras que solo el 53.5 por ciento ha recibido ambas dosis.<\/p>\n\n\n\n<p>Se recuerda que las autoridades anunciaron el levantamiento del toque de queda en las demarcaciones que tengan el 70 por ciento de su poblaci\u00f3n vacunada. Desde este lunes 9 de agosto quedaron sin toque de queda la provincia La Altagracia y el Distrito Nacional, donde se alcanz\u00f3 el referido porcentaje de vacunados.<\/p>\n","protected":false},"excerpt":{"rendered":"<p>SANTO DOMINGO.-Las provincias Espaillat y Pedernales podr\u00edan ser las pr\u00f3ximas demarcaciones sin toque de queda, dado que se aproximan a tener el 70 por ciento de su poblaci\u00f3n vacunada con ambas dosis\u00a0 contra COVID-19. Seg\u00fan los datos del Plan Nacional de Vacunaci\u00f3n \u201cVac\u00fanateRD\u201d, en la provincia Espaillat el 69.2 por ciento de la poblaci\u00f3n ha [&hellip;]<\/p>\n","protected":false},"author":18,"featured_media":23876,"comment_status":"closed","ping_status":"closed","sticky":false,"template":"","format":"standard","meta":{"_acf_changed":false,"footnotes":""},"categories":[551],"tags":[127,178,1207,360],"class_list":["post-32688","post","type-post","status-publish","format-standard","has-post-thumbnail","hentry","category-noticias","tag-covid19","tag-pandemia","tag-plan-nacional-vacunacion","tag-toque-de-queda"],"acf":[],"_links":{"self":[{"href":"https:\/\/ktechproduccion.net\/diariosalud.com\/wp-json\/wp\/v2\/posts\/32688","targetHints":{"allow":["GET"]}}],"collection":[{"href":"https:\/\/ktechproduccion.net\/diariosalud.com\/wp-json\/wp\/v2\/posts"}],"about":[{"href":"https:\/\/ktechproduccion.net\/diariosalud.com\/wp-json\/wp\/v2\/types\/post"}],"author":[{"embeddable":true,"href":"https:\/\/ktechproduccion.net\/diariosalud.com\/wp-json\/wp\/v2\/users\/18"}],"replies":[{"embeddable":true,"href":"https:\/\/ktechproduccion.net\/diariosalud.com\/wp-json\/wp\/v2\/comments?post=32688"}],"version-history":[{"count":0,"href":"https:\/\/ktechproduccion.net\/diariosalud.com\/wp-json\/wp\/v2\/posts\/32688\/revisions"}],"wp:featuredmedia":[{"embeddable":true,"href":"https:\/\/ktechproduccion.net\/diariosalud.com\/wp-json\/wp\/v2\/media\/23876"}],"wp:attachment":[{"href":"https:\/\/ktechproduccion.net\/diariosalud.com\/wp-json\/wp\/v2\/media?parent=32688"}],"wp:term":[{"taxonomy":"category","embeddable":true,"href":"https:\/\/ktechproduccion.net\/diariosalud.com\/wp-json\/wp\/v2\/categories?post=32688"},{"taxonomy":"post_tag","embeddable":true,"href":"https:\/\/ktechproduccion.net\/diariosalud.com\/wp-json\/wp\/v2\/tags?post=32688"}],"curies":[{"name":"wp","href":"https:\/\/api.w.org\/{rel}","templated":true}]}}