{"id":32673,"date":"2021-08-04T14:21:55","date_gmt":"2021-08-04T18:21:55","guid":{"rendered":"https:\/\/diariosalud.com\/uncategorized\/fallece-doctora-soledad-del-rosario-tejeda-tejeda\/"},"modified":"2021-08-04T14:21:55","modified_gmt":"2021-08-04T18:21:55","slug":"fallece-doctora-soledad-del-rosario-tejeda-tejeda","status":"publish","type":"post","link":"https:\/\/ktechproduccion.net\/diariosalud.com\/fallece-doctora-soledad-del-rosario-tejeda-tejeda\/","title":{"rendered":"Fallece doctora Soledad Del Rosario Tejeda Tejeda"},"content":{"rendered":"\n<p>SANTO DOMINGO.- La <strong>Sociedad Dominicana de Obstetricia y Ginecolog\u00eda<\/strong> (SDOG) lament\u00f3 el fallecimiento de la doctora Soledad Del Rosario Tejeda Tejeda, quien era miembro de la sociedad.<\/p>\n\n\n\n<p>De acuerdo a lo informado por la SDOG a trav\u00e9s de sus redes, los <strong>restos de la doctora Tejeda Tejeda ser\u00e1n expuestos en la Funeraria Blandino de la Avenida Abraham Lincoln<\/strong> hasta las 9:00 de la noche.\u00a0<\/p>\n\n\n\n<p>El sepelio se llevar\u00e1 a cabo este jueves a las 10:00 de la ma\u00f1ana en el cementerio de Escondido, Ban\u00ed.<\/p>\n","protected":false},"excerpt":{"rendered":"<p>SANTO DOMINGO.- La Sociedad Dominicana de Obstetricia y Ginecolog\u00eda (SDOG) lament\u00f3 el fallecimiento de la doctora Soledad Del Rosario Tejeda Tejeda, quien era miembro de la sociedad. De acuerdo a lo informado por la SDOG a trav\u00e9s de sus redes, los restos de la doctora Tejeda Tejeda ser\u00e1n expuestos en la Funeraria Blandino de la [&hellip;]<\/p>\n","protected":false},"author":18,"featured_media":24106,"comment_status":"closed","ping_status":"closed","sticky":false,"template":"","format":"standard","meta":{"_acf_changed":false,"footnotes":""},"categories":[551],"tags":[202,1194],"class_list":["post-32673","post","type-post","status-publish","format-standard","has-post-thumbnail","hentry","category-noticias","tag-fallecimientos","tag-obstetricia-y-ginecologia"],"acf":[],"_links":{"self":[{"href":"https:\/\/ktechproduccion.net\/diariosalud.com\/wp-json\/wp\/v2\/posts\/32673","targetHints":{"allow":["GET"]}}],"collection":[{"href":"https:\/\/ktechproduccion.net\/diariosalud.com\/wp-json\/wp\/v2\/posts"}],"about":[{"href":"https:\/\/ktechproduccion.net\/diariosalud.com\/wp-json\/wp\/v2\/types\/post"}],"author":[{"embeddable":true,"href":"https:\/\/ktechproduccion.net\/diariosalud.com\/wp-json\/wp\/v2\/users\/18"}],"replies":[{"embeddable":true,"href":"https:\/\/ktechproduccion.net\/diariosalud.com\/wp-json\/wp\/v2\/comments?post=32673"}],"version-history":[{"count":0,"href":"https:\/\/ktechproduccion.net\/diariosalud.com\/wp-json\/wp\/v2\/posts\/32673\/revisions"}],"wp:featuredmedia":[{"embeddable":true,"href":"https:\/\/ktechproduccion.net\/diariosalud.com\/wp-json\/wp\/v2\/media\/24106"}],"wp:attachment":[{"href":"https:\/\/ktechproduccion.net\/diariosalud.com\/wp-json\/wp\/v2\/media?parent=32673"}],"wp:term":[{"taxonomy":"category","embeddable":true,"href":"https:\/\/ktechproduccion.net\/diariosalud.com\/wp-json\/wp\/v2\/categories?post=32673"},{"taxonomy":"post_tag","embeddable":true,"href":"https:\/\/ktechproduccion.net\/diariosalud.com\/wp-json\/wp\/v2\/tags?post=32673"}],"curies":[{"name":"wp","href":"https:\/\/api.w.org\/{rel}","templated":true}]}}