{"id":32668,"date":"2021-08-03T22:52:29","date_gmt":"2021-08-04T02:52:29","guid":{"rendered":"https:\/\/diariosalud.com\/uncategorized\/especialista-llama-a-no-medicar-personas-con-signos-de-accidente-cerebrovascular\/"},"modified":"2021-08-03T22:52:29","modified_gmt":"2021-08-04T02:52:29","slug":"especialista-llama-a-no-medicar-personas-con-signos-de-accidente-cerebrovascular","status":"publish","type":"post","link":"https:\/\/ktechproduccion.net\/diariosalud.com\/especialista-llama-a-no-medicar-personas-con-signos-de-accidente-cerebrovascular\/","title":{"rendered":"Especialista llama a no medicar personas con signos de accidente cerebrovascular"},"content":{"rendered":"\n<p>SANTO DOMINGO.-Muchas personas al presentar signos que podr\u00edan indicar un accidente cerebrovascular se medican antes de buscar ayuda, lo que por lo general empeora el pron\u00f3stico del evento\u00a0 y dificulta su abordaje, seg\u00fan explic\u00f3 este martes la <strong>doctora Awilda Candelario, internista-neur\u00f3loga<\/strong>.<\/p>\n\n\n\n<p>Al participar en el programa <strong>DiarioSalud TV,<\/strong> la especialista explic\u00f3 que si una persona presenta s\u00edntomas de alarma como desviaci\u00f3n de la boca hacia un lado, debilidad de un lado del cuerpo,\u00a0 trastorno del equilibrio, dificultad para hablar o un dolor de cabeza repentino, lo ideal es acudir a una emergencia cuanto antes, ya que el tiempo es determinante cuando se presenta un evento de este tipo.<\/p>\n\n\n\n<p>Durante su intervenci\u00f3n en el programa educativo para toda la poblaci\u00f3n, la doctora Candelario explic\u00f3 que a nivel mundial&nbsp; 1 de cada 6 personas puede presentar un accidente cerebrovascular a lo largo de su vida, y aunque es prevenible se presenta de improviso, algunos pacientes fallecen en el momento en que presentan el evento.<\/p>\n\n\n\n<p>Se refiri\u00f3 a factores de riesgo modificables y no modificables que predisponen a una persona&nbsp; a presentar un ACV. Entre los modificables destac\u00f3 el consumo de cigarrillo, alcohol y sustancias, sedentarismo, hipertensi\u00f3n arterial y Enfermedad&nbsp; Renal Cr\u00f3nica. Mientras que influyen algunos factores no modificables como la edad, raza y gen\u00e9tica.<\/p>\n\n\n\n<p>Seg\u00fan explic\u00f3 la especialista, la principal causa de discapacidad es la enfermedad cerebrovascular, ya que el paciente puede presentar secuelas y quedar en silla de ruedas o con necesidad de bast\u00f3n,&nbsp; sin habla o con dificultad para ver, adem\u00e1s de problemas cognitivos. Destac\u00f3 la importancia de actuar a tiempo, para evitar que el paciente llegue a estas condiciones.<\/p>\n\n\n\n<p>El programa se transmiti\u00f3 en vivo a trav\u00e9s de las redes sociales de DiarioSalud. Puede ver la grabaci\u00f3n <strong><a href=\"https:\/\/www.youtube.com\/watch?v=3INy1BggzO0\">aqu\u00ed.\u00a0<\/a><\/strong><\/p>\n","protected":false},"excerpt":{"rendered":"<p>SANTO DOMINGO.-Muchas personas al presentar signos que podr\u00edan indicar un accidente cerebrovascular se medican antes de buscar ayuda, lo que por lo general empeora el pron\u00f3stico del evento\u00a0 y dificulta su abordaje, seg\u00fan explic\u00f3 este martes la doctora Awilda Candelario, internista-neur\u00f3loga. Al participar en el programa DiarioSalud TV, la especialista explic\u00f3 que si una persona [&hellip;]<\/p>\n","protected":false},"author":18,"featured_media":23806,"comment_status":"closed","ping_status":"closed","sticky":false,"template":"","format":"standard","meta":{"_acf_changed":false,"footnotes":""},"categories":[551],"tags":[649,630,1165,118],"class_list":["post-32668","post","type-post","status-publish","format-standard","has-post-thumbnail","hentry","category-noticias","tag-accidente-cerebrovascular","tag-diariosaludtv","tag-dra-awilda-candelario","tag-neurologia"],"acf":[],"_links":{"self":[{"href":"https:\/\/ktechproduccion.net\/diariosalud.com\/wp-json\/wp\/v2\/posts\/32668","targetHints":{"allow":["GET"]}}],"collection":[{"href":"https:\/\/ktechproduccion.net\/diariosalud.com\/wp-json\/wp\/v2\/posts"}],"about":[{"href":"https:\/\/ktechproduccion.net\/diariosalud.com\/wp-json\/wp\/v2\/types\/post"}],"author":[{"embeddable":true,"href":"https:\/\/ktechproduccion.net\/diariosalud.com\/wp-json\/wp\/v2\/users\/18"}],"replies":[{"embeddable":true,"href":"https:\/\/ktechproduccion.net\/diariosalud.com\/wp-json\/wp\/v2\/comments?post=32668"}],"version-history":[{"count":0,"href":"https:\/\/ktechproduccion.net\/diariosalud.com\/wp-json\/wp\/v2\/posts\/32668\/revisions"}],"wp:featuredmedia":[{"embeddable":true,"href":"https:\/\/ktechproduccion.net\/diariosalud.com\/wp-json\/wp\/v2\/media\/23806"}],"wp:attachment":[{"href":"https:\/\/ktechproduccion.net\/diariosalud.com\/wp-json\/wp\/v2\/media?parent=32668"}],"wp:term":[{"taxonomy":"category","embeddable":true,"href":"https:\/\/ktechproduccion.net\/diariosalud.com\/wp-json\/wp\/v2\/categories?post=32668"},{"taxonomy":"post_tag","embeddable":true,"href":"https:\/\/ktechproduccion.net\/diariosalud.com\/wp-json\/wp\/v2\/tags?post=32668"}],"curies":[{"name":"wp","href":"https:\/\/api.w.org\/{rel}","templated":true}]}}