{"id":32623,"date":"2021-07-23T20:00:53","date_gmt":"2021-07-24T00:00:53","guid":{"rendered":"https:\/\/diariosalud.com\/uncategorized\/pais-recibe-otro-lote-de-vacunas-pfizer\/"},"modified":"2021-07-23T20:00:53","modified_gmt":"2021-07-24T00:00:53","slug":"pais-recibe-otro-lote-de-vacunas-pfizer","status":"publish","type":"post","link":"https:\/\/ktechproduccion.net\/diariosalud.com\/pais-recibe-otro-lote-de-vacunas-pfizer\/","title":{"rendered":"Pa\u00eds recibe otro lote de vacunas Pfizer"},"content":{"rendered":"\n<p>SANTO DOMINGO.-Este viernes lleg\u00f3 por el Aeropuerto Internacional de las Am\u00e9ricas un avi\u00f3n de la compa\u00f1\u00eda a\u00e9rea Kalitta Charster,&nbsp; con 445 mil 770 dosis de vacunas de la farmac\u00e9utica Pfizer-BioNTech.<\/p>\n\n\n\n<p>La informaci\u00f3n fue suministrada por la <strong>vicepresidenta de la Rep\u00fablica, Raquel Pe\u00f1a<\/strong>, a trav\u00e9s de su red social Twitter, donde expres\u00f3 que este lote viene a reforzar el plan de vacunaci\u00f3n que lleva a cabo el gobierno desde inicio del a\u00f1o.<\/p>\n\n\n\n<p>La funcionaria explic\u00f3 que las dosis&nbsp; vienen a reforzar el plan de vacunaci\u00f3n y llevar esperanza a la poblaci\u00f3n para lograr la meta que tiene el ejecutivo de alcanzar la inmunidad colectiva.<\/p>\n","protected":false},"excerpt":{"rendered":"<p>SANTO DOMINGO.-Este viernes lleg\u00f3 por el Aeropuerto Internacional de las Am\u00e9ricas un avi\u00f3n de la compa\u00f1\u00eda a\u00e9rea Kalitta Charster,&nbsp; con 445 mil 770 dosis de vacunas de la farmac\u00e9utica Pfizer-BioNTech. La informaci\u00f3n fue suministrada por la vicepresidenta de la Rep\u00fablica, Raquel Pe\u00f1a, a trav\u00e9s de su red social Twitter, donde expres\u00f3 que este lote viene [&hellip;]<\/p>\n","protected":false},"author":18,"featured_media":24012,"comment_status":"closed","ping_status":"closed","sticky":false,"template":"","format":"standard","meta":{"_acf_changed":false,"footnotes":""},"categories":[551],"tags":[178,1081,1090],"class_list":["post-32623","post","type-post","status-publish","format-standard","has-post-thumbnail","hentry","category-noticias","tag-pandemia","tag-vacunas-covid-19","tag-vicepresidenta-raquel-pena"],"acf":[],"_links":{"self":[{"href":"https:\/\/ktechproduccion.net\/diariosalud.com\/wp-json\/wp\/v2\/posts\/32623","targetHints":{"allow":["GET"]}}],"collection":[{"href":"https:\/\/ktechproduccion.net\/diariosalud.com\/wp-json\/wp\/v2\/posts"}],"about":[{"href":"https:\/\/ktechproduccion.net\/diariosalud.com\/wp-json\/wp\/v2\/types\/post"}],"author":[{"embeddable":true,"href":"https:\/\/ktechproduccion.net\/diariosalud.com\/wp-json\/wp\/v2\/users\/18"}],"replies":[{"embeddable":true,"href":"https:\/\/ktechproduccion.net\/diariosalud.com\/wp-json\/wp\/v2\/comments?post=32623"}],"version-history":[{"count":0,"href":"https:\/\/ktechproduccion.net\/diariosalud.com\/wp-json\/wp\/v2\/posts\/32623\/revisions"}],"wp:featuredmedia":[{"embeddable":true,"href":"https:\/\/ktechproduccion.net\/diariosalud.com\/wp-json\/wp\/v2\/media\/24012"}],"wp:attachment":[{"href":"https:\/\/ktechproduccion.net\/diariosalud.com\/wp-json\/wp\/v2\/media?parent=32623"}],"wp:term":[{"taxonomy":"category","embeddable":true,"href":"https:\/\/ktechproduccion.net\/diariosalud.com\/wp-json\/wp\/v2\/categories?post=32623"},{"taxonomy":"post_tag","embeddable":true,"href":"https:\/\/ktechproduccion.net\/diariosalud.com\/wp-json\/wp\/v2\/tags?post=32623"}],"curies":[{"name":"wp","href":"https:\/\/api.w.org\/{rel}","templated":true}]}}