{"id":32622,"date":"2021-07-23T16:43:10","date_gmt":"2021-07-23T20:43:10","guid":{"rendered":"https:\/\/diariosalud.com\/uncategorized\/instan-a-recuperar-esquemas-de-vacunacion-para-evitar-brotes-de-enfermedades\/"},"modified":"2021-07-23T16:43:10","modified_gmt":"2021-07-23T20:43:10","slug":"instan-a-recuperar-esquemas-de-vacunacion-para-evitar-brotes-de-enfermedades","status":"publish","type":"post","link":"https:\/\/ktechproduccion.net\/diariosalud.com\/instan-a-recuperar-esquemas-de-vacunacion-para-evitar-brotes-de-enfermedades\/","title":{"rendered":"Instan a recuperar esquemas de vacunaci\u00f3n para evitar brotes de enfermedades"},"content":{"rendered":"\n<p>SANTO DOMINGO.-Antes de la pandemia provocada por la COVID-19 pa\u00edses de las Am\u00e9ricas registraban una baja en la vacunaci\u00f3n, situaci\u00f3n que se agrav\u00f3 con la emergencia sanitaria y la interrupci\u00f3n de los esquemas, seg\u00fan explic\u00f3 el <strong>doctor Gustavo Lazo P\u00e1ez, invitado internacional de la 46ta edici\u00f3n del Congreso Dominicano de Pediatr\u00eda.\u00a0<\/strong><\/p>\n\n\n\n<p>Durante su intervenci\u00f3n en el congreso que realiza la <strong>Sociedad Dominicana de Pediatr\u00eda,<\/strong> el doctor refiri\u00f3 que seg\u00fan datos de la Organizaci\u00f3n Panamericana de la Salud, en 2020\u00a0 474,395 ni\u00f1os menos que en 2019 recibieron las tres dosis de la vacuna DPT3, que protege contra difteria, el t\u00e9tanos y la tos ferina.\u00a0<\/p>\n\n\n\n<p>Mientras que 379.208 (13.9%) menos recibieron la dosis de la vacuna contra el sarampi\u00f3n, la parotiditis y rub\u00e9ola en comparaci\u00f3n con el a\u00f1o anterior.&nbsp;<\/p>\n\n\n\n<p>De acuerdo con el<strong> licenciado Jos\u00e9 Luis De Ram\u00f3n,<\/strong> el \u00e9xito de los programas de vacunaci\u00f3n ha reducido enfermedades y sus tratamientos asociados, as\u00ed como los costos de atenci\u00f3n m\u00e9dica. De Ram\u00f3n destac\u00f3 que la mayor\u00eda de los programas de vacunaci\u00f3n cuestan menos de 50 d\u00f3lares por vida salvada, menos que la prevenci\u00f3n de enfermedades como la hipertensi\u00f3n.\u00a0<\/p>\n\n\n\n<p>Seg\u00fan explic\u00f3 el <strong>doctor Jos\u00e9 Brea Castillo<\/strong> m\u00e1s de 13 millones de personas se perder\u00e1n las vacunas que salvan vidas debido a la interrupci\u00f3n de la vacunaci\u00f3n\u00a0<\/p>\n\n\n\n<p>Al participar en el congreso de los pediatras, el experto en vacunas adujo que estas herramientas evitan entre 2 y 3 millones de muertes cada a\u00f1o, sin embargo, los datos de la <strong>Organizaci\u00f3n Panamericana de la Salud<\/strong> muestran que\u00a0 hasta el 34 por ciento de los municipios de la Latinoam\u00e9rica y el Caribe tienen cobertura de DPT3 por debajo del 80 por ciento.\u00a0<\/p>\n\n\n\n<p>Mientras que la <strong>doctora Miriam De Lourdes Due\u00f1as<\/strong> hizo referencia a estrategias que se pueden utilizar para recuperar los esquemas de vacunaci\u00f3n, como la vacunaci\u00f3n simult\u00e1nea con las vacunas contra la COVID-19, no reiniciar los esquemas, as\u00ed como adaptar los servicios de vacunaci\u00f3n con horarios m\u00e1s amplios e identificar las personas con esquemas incompletos.\u00a0<\/p>\n\n\n\n<p>Los especialistas destacaron la importancia de completar los esquemas de vacunaci\u00f3n para evitar brotes de enfermedades prevenibles por vacunas.&nbsp;<\/p>\n\n\n\n<p>El congreso n\u00famero 46 de los pediatras se realiza del 21 al 24 de julio en modalidad virtual.&nbsp;<\/p>\n","protected":false},"excerpt":{"rendered":"<p>SANTO DOMINGO.-Antes de la pandemia provocada por la COVID-19 pa\u00edses de las Am\u00e9ricas registraban una baja en la vacunaci\u00f3n, situaci\u00f3n que se agrav\u00f3 con la emergencia sanitaria y la interrupci\u00f3n de los esquemas, seg\u00fan explic\u00f3 el doctor Gustavo Lazo P\u00e1ez, invitado internacional de la 46ta edici\u00f3n del Congreso Dominicano de Pediatr\u00eda.\u00a0 Durante su intervenci\u00f3n en [&hellip;]<\/p>\n","protected":false},"author":18,"featured_media":24010,"comment_status":"closed","ping_status":"closed","sticky":false,"template":"","format":"standard","meta":{"_acf_changed":false,"footnotes":""},"categories":[551],"tags":[191,101,1115,317],"class_list":["post-32622","post","type-post","status-publish","format-standard","has-post-thumbnail","hentry","category-noticias","tag-congresos","tag-pediatria","tag-sociedad-dominicana-de-pediatria","tag-vacunas"],"acf":[],"_links":{"self":[{"href":"https:\/\/ktechproduccion.net\/diariosalud.com\/wp-json\/wp\/v2\/posts\/32622","targetHints":{"allow":["GET"]}}],"collection":[{"href":"https:\/\/ktechproduccion.net\/diariosalud.com\/wp-json\/wp\/v2\/posts"}],"about":[{"href":"https:\/\/ktechproduccion.net\/diariosalud.com\/wp-json\/wp\/v2\/types\/post"}],"author":[{"embeddable":true,"href":"https:\/\/ktechproduccion.net\/diariosalud.com\/wp-json\/wp\/v2\/users\/18"}],"replies":[{"embeddable":true,"href":"https:\/\/ktechproduccion.net\/diariosalud.com\/wp-json\/wp\/v2\/comments?post=32622"}],"version-history":[{"count":0,"href":"https:\/\/ktechproduccion.net\/diariosalud.com\/wp-json\/wp\/v2\/posts\/32622\/revisions"}],"wp:featuredmedia":[{"embeddable":true,"href":"https:\/\/ktechproduccion.net\/diariosalud.com\/wp-json\/wp\/v2\/media\/24010"}],"wp:attachment":[{"href":"https:\/\/ktechproduccion.net\/diariosalud.com\/wp-json\/wp\/v2\/media?parent=32622"}],"wp:term":[{"taxonomy":"category","embeddable":true,"href":"https:\/\/ktechproduccion.net\/diariosalud.com\/wp-json\/wp\/v2\/categories?post=32622"},{"taxonomy":"post_tag","embeddable":true,"href":"https:\/\/ktechproduccion.net\/diariosalud.com\/wp-json\/wp\/v2\/tags?post=32622"}],"curies":[{"name":"wp","href":"https:\/\/api.w.org\/{rel}","templated":true}]}}