{"id":32617,"date":"2021-07-22T15:05:09","date_gmt":"2021-07-22T19:05:09","guid":{"rendered":"https:\/\/diariosalud.com\/uncategorized\/especialistas-destacan-impacto-emocional-de-afecciones-respiratorias-en-ninos\/"},"modified":"2021-07-22T15:05:09","modified_gmt":"2021-07-22T19:05:09","slug":"especialistas-destacan-impacto-emocional-de-afecciones-respiratorias-en-ninos","status":"publish","type":"post","link":"https:\/\/ktechproduccion.net\/diariosalud.com\/especialistas-destacan-impacto-emocional-de-afecciones-respiratorias-en-ninos\/","title":{"rendered":"Especialistas destacan impacto emocional de afecciones respiratorias en ni\u00f1os"},"content":{"rendered":"\n<p>SANTO DOMINGO.- Al exponer sobre las \u201cRinopat\u00edas inflamatorias en tiempos de COVID-19\u201d,\u00a0 durante la 46ta edici\u00f3n del <strong>Congreso Dominicano de Pediatr\u00eda,<\/strong> la <strong>doctora Pamela Pol, otorrinolaring\u00f3loga<\/strong>, explic\u00f3 que la rinitis al\u00e9rgica puede comenzar\u00a0 en el primer a\u00f1o de edad.<\/p>\n\n\n\n<p>La evidencia ha mostrado que m\u00e1s del 50 por ciento de los ni\u00f1os que presentan esta infecci\u00f3n tienen un bajo rendimiento escolar, presentan una afectaci\u00f3n del sue\u00f1o, lo que influye en que presenten cansancio e irritabilidad.<\/p>\n\n\n\n<p>En ese mismo orden, el <strong>doctor Jorge S\u00e1nchez Caraballo,<\/strong> invitado internacional del congreso que realiza la <strong>Sociedad Dominicana de Pediatr\u00eda<\/strong>, explic\u00f3 que entre el 20 y 40 por ciento de los ni\u00f1os menores de 12 a\u00f1os puede tener esta inflamaci\u00f3n de la mucosa de la nariz, la cual cuando es al\u00e9rgica puede estar acompa\u00f1ada de asma, dermatitis y alergia alimentaria.<\/p>\n\n\n\n<p>Al hacer referencia a la vinculaci\u00f3n de la contaminaci\u00f3n, la pandemia y esta condici\u00f3n, el especialista explic\u00f3 que la poluci\u00f3n tiene un impacto importante en la rinitis y se ha demostrado que los ni\u00f1os que viven en zonas con mayor contaminaci\u00f3n requieren mayor medicaci\u00f3n para tratar esta condici\u00f3n de salud.<\/p>\n\n\n\n<p>El <strong>doctor\u00a0 Jos\u00e9 Pablo Guti\u00e9rrez<\/strong>,\u00a0 especialista invitado desde Costa Rica refiri\u00f3\u00a0 que aunque en algunos casos se tratan las infecciones del tracto respiratorio por separado, existe evidencia de que la rinitis al\u00e9rgica y el asma bronquial son condiciones coexistentes.<\/p>\n\n\n\n<p>Destac\u00f3 que entre el 60 y 80 por ciento de los pacientes asm\u00e1ticos tambi\u00e9n tienen rinitis. Esta correlaci\u00f3n agrega un desaf\u00edo para el manejo terap\u00e9utico de quienes presentan ambas condiciones.&nbsp;<\/p>\n\n\n\n<p>El congreso de los pediatras se realiza del 21 al 24 de julio, en modalidad virtual.&nbsp;<\/p>\n","protected":false},"excerpt":{"rendered":"<p>SANTO DOMINGO.- Al exponer sobre las \u201cRinopat\u00edas inflamatorias en tiempos de COVID-19\u201d,\u00a0 durante la 46ta edici\u00f3n del Congreso Dominicano de Pediatr\u00eda, la doctora Pamela Pol, otorrinolaring\u00f3loga, explic\u00f3 que la rinitis al\u00e9rgica puede comenzar\u00a0 en el primer a\u00f1o de edad. La evidencia ha mostrado que m\u00e1s del 50 por ciento de los ni\u00f1os que presentan esta [&hellip;]<\/p>\n","protected":false},"author":18,"featured_media":24002,"comment_status":"closed","ping_status":"closed","sticky":false,"template":"","format":"standard","meta":{"_acf_changed":false,"footnotes":""},"categories":[551],"tags":[1114,191,101,1115],"class_list":["post-32617","post","type-post","status-publish","format-standard","has-post-thumbnail","hentry","category-noticias","tag-afecciones-respiratorias","tag-congresos","tag-pediatria","tag-sociedad-dominicana-de-pediatria"],"acf":[],"_links":{"self":[{"href":"https:\/\/ktechproduccion.net\/diariosalud.com\/wp-json\/wp\/v2\/posts\/32617","targetHints":{"allow":["GET"]}}],"collection":[{"href":"https:\/\/ktechproduccion.net\/diariosalud.com\/wp-json\/wp\/v2\/posts"}],"about":[{"href":"https:\/\/ktechproduccion.net\/diariosalud.com\/wp-json\/wp\/v2\/types\/post"}],"author":[{"embeddable":true,"href":"https:\/\/ktechproduccion.net\/diariosalud.com\/wp-json\/wp\/v2\/users\/18"}],"replies":[{"embeddable":true,"href":"https:\/\/ktechproduccion.net\/diariosalud.com\/wp-json\/wp\/v2\/comments?post=32617"}],"version-history":[{"count":0,"href":"https:\/\/ktechproduccion.net\/diariosalud.com\/wp-json\/wp\/v2\/posts\/32617\/revisions"}],"wp:featuredmedia":[{"embeddable":true,"href":"https:\/\/ktechproduccion.net\/diariosalud.com\/wp-json\/wp\/v2\/media\/24002"}],"wp:attachment":[{"href":"https:\/\/ktechproduccion.net\/diariosalud.com\/wp-json\/wp\/v2\/media?parent=32617"}],"wp:term":[{"taxonomy":"category","embeddable":true,"href":"https:\/\/ktechproduccion.net\/diariosalud.com\/wp-json\/wp\/v2\/categories?post=32617"},{"taxonomy":"post_tag","embeddable":true,"href":"https:\/\/ktechproduccion.net\/diariosalud.com\/wp-json\/wp\/v2\/tags?post=32617"}],"curies":[{"name":"wp","href":"https:\/\/api.w.org\/{rel}","templated":true}]}}