{"id":32612,"date":"2021-07-20T19:43:20","date_gmt":"2021-07-20T23:43:20","guid":{"rendered":"https:\/\/diariosalud.com\/uncategorized\/revelan-mecanismo-coordina-procesos-esenciales-para-el-aprendizaje-y-la-memoria\/"},"modified":"2021-07-20T19:43:20","modified_gmt":"2021-07-20T23:43:20","slug":"revelan-mecanismo-coordina-procesos-esenciales-para-el-aprendizaje-y-la-memoria","status":"publish","type":"post","link":"https:\/\/ktechproduccion.net\/diariosalud.com\/revelan-mecanismo-coordina-procesos-esenciales-para-el-aprendizaje-y-la-memoria\/","title":{"rendered":"Revelan mecanismo coordina procesos esenciales para el aprendizaje y la memoria"},"content":{"rendered":"\n<p>Un equipo de investigadores del Consejo Superior de Investigaciones Cient\u00edficas (CSIC) public\u00f3 un estudio en el que describen un<strong> mecanismo molecular que coordina la s\u00edntesis de prote\u00ednas y la remodelaci\u00f3n del citoesqueleto de actina, procesos claves para la plasticidad sin\u00e1ptica<\/strong>, que es esencial para el aprendizaje y la memoria.<\/p>\n\n\n\n<p>En su trabajo los autores se\u00f1alan que <strong>la plasticidad sin\u00e1ptica implica modificaciones estructurales en las espinas dendr\u00edticas que son moduladas por la s\u00edntesis de prote\u00ednas locales y la remodelaci\u00f3n de actina<\/strong>. Por lo que estudiaron los mecanismos moleculares que conectan la estimulaci\u00f3n sin\u00e1ptica con estos procesos.<\/p>\n\n\n\n<p>Detallan que descubrieron que <strong>la fosforilaci\u00f3n de sitios espec\u00edficos de isoformas en eEF1A2, un factor de elongaci\u00f3n de traducci\u00f3n esencial en las neuronas<\/strong>, es un modulador clave de la plasticidad estructural en las espinas dendr\u00edticas.<\/p>\n\n\n\n<p>\u201cLa expresi\u00f3n de un mutante eEF1A2 no fosforilable estimul\u00f3 la traducci\u00f3n del ARNm pero redujo la din\u00e1mica de la actina y la densidad de la columna. Por el contrario, un mutante de eEF1A2 fosfomim\u00e9tico exhibi\u00f3 una asociaci\u00f3n disminuida con F-actina y fue inactivo como factor de elongaci\u00f3n de la traducci\u00f3n\u201d, agregan.<\/p>\n\n\n\n<p>Detallan que la activaci\u00f3n de la se\u00f1alizaci\u00f3n del receptor de glutamato metabotr\u00f3pico desencaden\u00f3 la disociaci\u00f3n transitoria de eEF1A2 de su prote\u00edna reguladora del factor de intercambio de guanina (GEF) en las espinas dendr\u00edticas de una manera dependiente de la fosforilaci\u00f3n.<\/p>\n\n\n\n<p>Los autores proponen que eEF1A2 establece un mecanismo de intercomunicaci\u00f3n que coordina la traducci\u00f3n y la din\u00e1mica de la actina durante la remodelaci\u00f3n de la columna.<\/p>\n\n\n\n<p>De acuerdo al trabajo publicado en la revista Science Signaling, los resultados, que son producto de la implementaci\u00f3n de t\u00e9cnicas de ingenier\u00eda gen\u00e9tica, fosfoprote\u00f3mica y microscop\u00eda confocal, pueden revelar nuevos objetivos y v\u00edas de intervenci\u00f3n terap\u00e9utica en diferentes trastornos neurol\u00f3gicos.<\/p>\n","protected":false},"excerpt":{"rendered":"<p>Un equipo de investigadores del Consejo Superior de Investigaciones Cient\u00edficas (CSIC) public\u00f3 un estudio en el que describen un mecanismo molecular que coordina la s\u00edntesis de prote\u00ednas y la remodelaci\u00f3n del citoesqueleto de actina, procesos claves para la plasticidad sin\u00e1ptica, que es esencial para el aprendizaje y la memoria. En su trabajo los autores se\u00f1alan [&hellip;]<\/p>\n","protected":false},"author":18,"featured_media":23994,"comment_status":"closed","ping_status":"closed","sticky":false,"template":"","format":"standard","meta":{"_acf_changed":false,"footnotes":""},"categories":[551],"tags":[890,235,731],"class_list":["post-32612","post","type-post","status-publish","format-standard","has-post-thumbnail","hentry","category-noticias","tag-aprendizaje","tag-investigacion","tag-memoria"],"acf":[],"_links":{"self":[{"href":"https:\/\/ktechproduccion.net\/diariosalud.com\/wp-json\/wp\/v2\/posts\/32612","targetHints":{"allow":["GET"]}}],"collection":[{"href":"https:\/\/ktechproduccion.net\/diariosalud.com\/wp-json\/wp\/v2\/posts"}],"about":[{"href":"https:\/\/ktechproduccion.net\/diariosalud.com\/wp-json\/wp\/v2\/types\/post"}],"author":[{"embeddable":true,"href":"https:\/\/ktechproduccion.net\/diariosalud.com\/wp-json\/wp\/v2\/users\/18"}],"replies":[{"embeddable":true,"href":"https:\/\/ktechproduccion.net\/diariosalud.com\/wp-json\/wp\/v2\/comments?post=32612"}],"version-history":[{"count":0,"href":"https:\/\/ktechproduccion.net\/diariosalud.com\/wp-json\/wp\/v2\/posts\/32612\/revisions"}],"wp:featuredmedia":[{"embeddable":true,"href":"https:\/\/ktechproduccion.net\/diariosalud.com\/wp-json\/wp\/v2\/media\/23994"}],"wp:attachment":[{"href":"https:\/\/ktechproduccion.net\/diariosalud.com\/wp-json\/wp\/v2\/media?parent=32612"}],"wp:term":[{"taxonomy":"category","embeddable":true,"href":"https:\/\/ktechproduccion.net\/diariosalud.com\/wp-json\/wp\/v2\/categories?post=32612"},{"taxonomy":"post_tag","embeddable":true,"href":"https:\/\/ktechproduccion.net\/diariosalud.com\/wp-json\/wp\/v2\/tags?post=32612"}],"curies":[{"name":"wp","href":"https:\/\/api.w.org\/{rel}","templated":true}]}}