{"id":32603,"date":"2021-07-18T12:20:50","date_gmt":"2021-07-18T16:20:50","guid":{"rendered":"https:\/\/diariosalud.com\/uncategorized\/diariosalud-tv-invita-a-programa-sobre-hepatitis\/"},"modified":"2026-03-18T23:22:14","modified_gmt":"2026-03-18T22:22:14","slug":"diariosalud-tv-invita-a-programa-sobre-hepatitis","status":"publish","type":"post","link":"https:\/\/ktechproduccion.net\/diariosalud.com\/diariosalud-tv-invita-a-programa-sobre-hepatitis\/","title":{"rendered":"DiarioSalud TV invita a programa sobre Hepatitis"},"content":{"rendered":"\n<p>SANTO DOMINGO.- Como parte de su compromiso con el sector salud dominicano y la poblaci\u00f3n en general de informar y educar sobre temas de actualidad e inter\u00e9s,&nbsp; <strong>DiarioSalud TV<\/strong> realizar\u00e1 el programa \u00ab<strong>Hepatitis: importancia de la prevenci\u00f3n<\/strong>\u00ab.<\/p>\n\n\n\n<p>Esta entrega tendr\u00e1 la participaci\u00f3n de la <strong>doctora Massiel Cerda, gastroenter\u00f3loga-hepat\u00f3loga<\/strong>.<\/p>\n\n\n\n<p>La transmisi\u00f3n en vivo se llevar\u00e1 a cabo este martes 20 de julio a las 4:00 de la tarde, a trav\u00e9s de las redes sociales de DiarioSalud.do.<\/p>\n\n\n\n<p>&#8211; <a href=\"https:\/\/www.facebook.com\/DiarioSaludDo\">Facebook<\/a><\/p>\n\n\n\n<p>&#8211; <a href=\"https:\/\/twitter.com\/home\">Twitter<\/a><\/p>\n\n\n\n<p>&#8211; <a href=\"https:\/\/www.youtube.com\/channel\/UCr7lkwus8NubqNCUiVL2dGQ\">Youtube<\/a><\/p>\n\n\n\n<p>&#8211; <a href=\"https:\/\/www.linkedin.com\/company\/diariosalud\/\">LinkedIn<\/a><\/p>\n\n\n\n<p>Cada martes tenemos un especialista de la salud con un tema de inter\u00e9s colectivo. Recuerde que puede realizar sus preguntas y los invitados las responder\u00e1n en vivo.&nbsp; Para participar en el programa solo debe acceder a nuestras redes sociales.<\/p>\n","protected":false},"excerpt":{"rendered":"<p>SANTO DOMINGO.- Como parte de su compromiso con el sector salud dominicano y la poblaci\u00f3n en general de informar y educar sobre temas de actualidad e inter\u00e9s,&nbsp; DiarioSalud TV realizar\u00e1 el programa \u00abHepatitis: importancia de la prevenci\u00f3n\u00ab. Esta entrega tendr\u00e1 la participaci\u00f3n de la doctora Massiel Cerda, gastroenter\u00f3loga-hepat\u00f3loga. La transmisi\u00f3n en vivo se llevar\u00e1 a [&hellip;]<\/p>\n","protected":false},"author":18,"featured_media":23977,"comment_status":"closed","ping_status":"closed","sticky":false,"template":"","format":"standard","meta":{"_acf_changed":false,"footnotes":""},"categories":[620],"tags":[630,1096],"class_list":["post-32603","post","type-post","status-publish","format-standard","has-post-thumbnail","hentry","category-diariosalud-tv","tag-diariosaludtv","tag-hepatitis"],"acf":[],"_links":{"self":[{"href":"https:\/\/ktechproduccion.net\/diariosalud.com\/wp-json\/wp\/v2\/posts\/32603","targetHints":{"allow":["GET"]}}],"collection":[{"href":"https:\/\/ktechproduccion.net\/diariosalud.com\/wp-json\/wp\/v2\/posts"}],"about":[{"href":"https:\/\/ktechproduccion.net\/diariosalud.com\/wp-json\/wp\/v2\/types\/post"}],"author":[{"embeddable":true,"href":"https:\/\/ktechproduccion.net\/diariosalud.com\/wp-json\/wp\/v2\/users\/18"}],"replies":[{"embeddable":true,"href":"https:\/\/ktechproduccion.net\/diariosalud.com\/wp-json\/wp\/v2\/comments?post=32603"}],"version-history":[{"count":1,"href":"https:\/\/ktechproduccion.net\/diariosalud.com\/wp-json\/wp\/v2\/posts\/32603\/revisions"}],"predecessor-version":[{"id":43929,"href":"https:\/\/ktechproduccion.net\/diariosalud.com\/wp-json\/wp\/v2\/posts\/32603\/revisions\/43929"}],"wp:featuredmedia":[{"embeddable":true,"href":"https:\/\/ktechproduccion.net\/diariosalud.com\/wp-json\/wp\/v2\/media\/23977"}],"wp:attachment":[{"href":"https:\/\/ktechproduccion.net\/diariosalud.com\/wp-json\/wp\/v2\/media?parent=32603"}],"wp:term":[{"taxonomy":"category","embeddable":true,"href":"https:\/\/ktechproduccion.net\/diariosalud.com\/wp-json\/wp\/v2\/categories?post=32603"},{"taxonomy":"post_tag","embeddable":true,"href":"https:\/\/ktechproduccion.net\/diariosalud.com\/wp-json\/wp\/v2\/tags?post=32603"}],"curies":[{"name":"wp","href":"https:\/\/api.w.org\/{rel}","templated":true}]}}