{"id":32590,"date":"2021-07-14T13:50:21","date_gmt":"2021-07-14T17:50:21","guid":{"rendered":"https:\/\/diariosalud.com\/uncategorized\/reconocen-aportes-del-centro-medico-punta-cana\/"},"modified":"2021-07-14T13:50:21","modified_gmt":"2021-07-14T17:50:21","slug":"reconocen-aportes-del-centro-medico-punta-cana","status":"publish","type":"post","link":"https:\/\/ktechproduccion.net\/diariosalud.com\/reconocen-aportes-del-centro-medico-punta-cana\/","title":{"rendered":"Reconocen aportes del Centro M\u00e9dico Punta Cana"},"content":{"rendered":"\n<p>B\u00c1VARO.-El <strong>Centro M\u00e9dico Punta Cana, miembro del Grupo Rescue<\/strong>, recibi\u00f3 un reconocimiento por parte de la <strong>Cruz Roja Dominicana Filial Ver\u00f3n-Punta Cana<\/strong>, por contribuci\u00f3n contra la pandemia de la COVID-19.<\/p>\n\n\n\n<p>El Centro M\u00e9dico Punta Cana&nbsp; fue el primer hospital privado en ser acreditado internacionalmente por Accreditation Canada.&nbsp; La&nbsp; instituci\u00f3n trabaja a diario en fomentar la calidad, seguridad y el compromiso con cada uno de sus pacientes, ofreciendo a la zona de B\u00e1varo, Ver\u00f3n, Punta Cana un cuidado m\u00e9dico responsable guiado por est\u00e1ndares internacionales; reafirmando la confianza de la comunidad local e internacional.<\/p>\n\n\n\n<p>Este reconocimiento fue otorgado a la doctora&nbsp; Ana M. Pl\u00e1cido, emergenci\u00f3loga y todo el personal de asistencia m\u00e9dica y enfermer\u00eda de la instituci\u00f3n que desde el inicio de la pandemia han estado en la primera l\u00ednea de atenci\u00f3n.&nbsp;&nbsp;<\/p>\n\n\n\n<p>El Centro M\u00e9dico Punta Cana ha servido para fortalecer el reconocimiento de los pa\u00edses emisores de turistas, generando esto una recuperaci\u00f3n acelerada de la industria, en comparaci\u00f3n con otros destinos competidores del Caribe.<\/p>\n\n\n\n<p>La <strong>Ciudad Sanitaria Rescue Punta Cana<\/strong>, se ha visto validada con \u00e9xito en la atenci\u00f3n ofrecida a los pacientes en tiempos de COVID-19 para la zona tur\u00edstica de la Regi\u00f3n Este; consolidando los esfuerzos para optimizar los servicios de salud en respuesta ante la cantidad de pacientes recuperados de la enfermedad.<\/p>\n\n\n\n<p>El evento se realiz\u00f3 este martes, en el Play de B\u00e9isbol Puntacana Village.<\/p>\n\n\n\n<p>Entre los presentes estuvo&nbsp; el&nbsp; doctor&nbsp; Joel Mart\u00ednez, m\u00e9dico internista,&nbsp; coronel Minoru Matsunaga Matsunaga,&nbsp; director del Cuerpo Especializado de Seguridad Tur\u00edstica (CESTUR); doctora&nbsp; \u00c1lbida De Le\u00f3n, directora M\u00e9dica del Centro M\u00e9dico Punta Cana;&nbsp; Frank Rainieri, CEO de Grupo Puntacana;&nbsp; Fernando Placeres, presidente del Consejo Provincial La Altagracia Cruz Roja Dominicana; Manolo Ram\u00edrez Pupilo, secretario general de la Confederaci\u00f3n Aut\u00f3noma Sindical Clasista de Hig\u00fcey;&nbsp; y Ernesto Veloz, presidente de la Asociaci\u00f3n de Hoteles y Proyectos Tur\u00edsticos del Este (Asoleste).<\/p>\n","protected":false},"excerpt":{"rendered":"<p>B\u00c1VARO.-El Centro M\u00e9dico Punta Cana, miembro del Grupo Rescue, recibi\u00f3 un reconocimiento por parte de la Cruz Roja Dominicana Filial Ver\u00f3n-Punta Cana, por contribuci\u00f3n contra la pandemia de la COVID-19. El Centro M\u00e9dico Punta Cana&nbsp; fue el primer hospital privado en ser acreditado internacionalmente por Accreditation Canada.&nbsp; La&nbsp; instituci\u00f3n trabaja a diario en fomentar la [&hellip;]<\/p>\n","protected":false},"author":18,"featured_media":23955,"comment_status":"closed","ping_status":"closed","sticky":false,"template":"","format":"standard","meta":{"_acf_changed":false,"footnotes":""},"categories":[551],"tags":[1071,1058,1072,1073],"class_list":["post-32590","post","type-post","status-publish","format-standard","has-post-thumbnail","hentry","category-noticias","tag-centro-medico-punta-cana","tag-clinicas-y-hospitales","tag-grupo-rescue","tag-reconocimientos"],"acf":[],"_links":{"self":[{"href":"https:\/\/ktechproduccion.net\/diariosalud.com\/wp-json\/wp\/v2\/posts\/32590","targetHints":{"allow":["GET"]}}],"collection":[{"href":"https:\/\/ktechproduccion.net\/diariosalud.com\/wp-json\/wp\/v2\/posts"}],"about":[{"href":"https:\/\/ktechproduccion.net\/diariosalud.com\/wp-json\/wp\/v2\/types\/post"}],"author":[{"embeddable":true,"href":"https:\/\/ktechproduccion.net\/diariosalud.com\/wp-json\/wp\/v2\/users\/18"}],"replies":[{"embeddable":true,"href":"https:\/\/ktechproduccion.net\/diariosalud.com\/wp-json\/wp\/v2\/comments?post=32590"}],"version-history":[{"count":0,"href":"https:\/\/ktechproduccion.net\/diariosalud.com\/wp-json\/wp\/v2\/posts\/32590\/revisions"}],"wp:featuredmedia":[{"embeddable":true,"href":"https:\/\/ktechproduccion.net\/diariosalud.com\/wp-json\/wp\/v2\/media\/23955"}],"wp:attachment":[{"href":"https:\/\/ktechproduccion.net\/diariosalud.com\/wp-json\/wp\/v2\/media?parent=32590"}],"wp:term":[{"taxonomy":"category","embeddable":true,"href":"https:\/\/ktechproduccion.net\/diariosalud.com\/wp-json\/wp\/v2\/categories?post=32590"},{"taxonomy":"post_tag","embeddable":true,"href":"https:\/\/ktechproduccion.net\/diariosalud.com\/wp-json\/wp\/v2\/tags?post=32590"}],"curies":[{"name":"wp","href":"https:\/\/api.w.org\/{rel}","templated":true}]}}