{"id":32586,"date":"2021-07-13T00:18:42","date_gmt":"2021-07-13T04:18:42","guid":{"rendered":"https:\/\/diariosalud.com\/uncategorized\/expertos-sugieren-transformacion-en-inversion-del-sector-salud\/"},"modified":"2021-07-13T00:18:42","modified_gmt":"2021-07-13T04:18:42","slug":"expertos-sugieren-transformacion-en-inversion-del-sector-salud","status":"publish","type":"post","link":"https:\/\/ktechproduccion.net\/diariosalud.com\/expertos-sugieren-transformacion-en-inversion-del-sector-salud\/","title":{"rendered":"Expertos sugieren transformaci\u00f3n en inversi\u00f3n  del sector salud"},"content":{"rendered":"\n<p>SANTO DOMINGO.- La <strong>Alianza por el Desarrollo de la Salud (ADESA)<\/strong>, realiz\u00f3 la tarde de este lunes el panel <strong>\u00a8Cu\u00e1nto y c\u00f3mo invertir en salud\u00a8<\/strong>, de manera virtual, en donde participaron experimentados en el \u00e1rea de la econom\u00eda.<\/p>\n\n\n\n<p>En la actividad participaron la <strong>doctora en econom\u00eda de la salud, Magdalena Rathe<\/strong> y <strong>los economistas Nelson S\u00faarez y Henri Hebrard<\/strong>, quienes de manera particular mostraron indicadores, expresaron ideas, soluciones y conclusiones acerca de lo que se debe implementar para eficientizar las inversiones en el sector salud en el pa\u00eds.&nbsp;<\/p>\n\n\n\n<p>Durante el encuentro los invitados realizaron intervenciones y comparaciones basadas en las inversiones de los Gobiernos pasados, y sobre las que se han llevado a cabo por la actual gesti\u00f3n gubernamental en el sector salud.&nbsp;<\/p>\n\n\n\n<p>La doctora Rathe tuvo la responsabilidad de dar apertura al panel qui\u00e9n expres\u00f3 que es necesario y urgente priorizar m\u00e1s las necesidades del sector salud del pa\u00eds para mejorar y transformar la atenci\u00f3n del primer nivel.&nbsp;&nbsp;<\/p>\n\n\n\n<p>Sin embargo, S\u00faarez experto en econom\u00eda indic\u00f3 que a pesar de las acciones que hicieron los pasados Gobiernos y ministros de salud en el pa\u00eds, con la finalidad de mejorar el sector salud,&nbsp; no es suficiente y que a\u00fan falta mucho por hacer para lograr esa transformaci\u00f3n que es tan necesaria en el sector m\u00e1s importante.&nbsp;&nbsp;<\/p>\n\n\n\n<p>\u00a8Es fundamental observar las inversiones que realiza el Gobierno actualmente en el sector salud, medir los resultados que son los indicadores que muestran qu\u00e9 tan eficiente son\u00a8, afirm\u00f3 el experto internacional en econom\u00eda Henri Hebrard.&nbsp;<\/p>\n\n\n\n<p>Hebrard tambi\u00e9n mencion\u00f3 que se puede lograr el incremento de las inversiones en el sector salud si se reducen los gastos que no son tan relevantes para el pa\u00eds. &nbsp;<\/p>\n","protected":false},"excerpt":{"rendered":"<p>SANTO DOMINGO.- La Alianza por el Desarrollo de la Salud (ADESA), realiz\u00f3 la tarde de este lunes el panel \u00a8Cu\u00e1nto y c\u00f3mo invertir en salud\u00a8, de manera virtual, en donde participaron experimentados en el \u00e1rea de la econom\u00eda. En la actividad participaron la doctora en econom\u00eda de la salud, Magdalena Rathe y los economistas Nelson [&hellip;]<\/p>\n","protected":false},"author":18,"featured_media":23948,"comment_status":"closed","ping_status":"closed","sticky":false,"template":"","format":"standard","meta":{"_acf_changed":false,"footnotes":""},"categories":[551],"tags":[1061,1062,1063,854,1064,1065],"class_list":["post-32586","post","type-post","status-publish","format-standard","has-post-thumbnail","hentry","category-noticias","tag-adesa","tag-alianza-por-el-derecho-a-la-salud","tag-henri-hebrard","tag-inversion-en-salud","tag-magdalena-rathe","tag-nelson-suarez"],"acf":[],"_links":{"self":[{"href":"https:\/\/ktechproduccion.net\/diariosalud.com\/wp-json\/wp\/v2\/posts\/32586","targetHints":{"allow":["GET"]}}],"collection":[{"href":"https:\/\/ktechproduccion.net\/diariosalud.com\/wp-json\/wp\/v2\/posts"}],"about":[{"href":"https:\/\/ktechproduccion.net\/diariosalud.com\/wp-json\/wp\/v2\/types\/post"}],"author":[{"embeddable":true,"href":"https:\/\/ktechproduccion.net\/diariosalud.com\/wp-json\/wp\/v2\/users\/18"}],"replies":[{"embeddable":true,"href":"https:\/\/ktechproduccion.net\/diariosalud.com\/wp-json\/wp\/v2\/comments?post=32586"}],"version-history":[{"count":0,"href":"https:\/\/ktechproduccion.net\/diariosalud.com\/wp-json\/wp\/v2\/posts\/32586\/revisions"}],"wp:featuredmedia":[{"embeddable":true,"href":"https:\/\/ktechproduccion.net\/diariosalud.com\/wp-json\/wp\/v2\/media\/23948"}],"wp:attachment":[{"href":"https:\/\/ktechproduccion.net\/diariosalud.com\/wp-json\/wp\/v2\/media?parent=32586"}],"wp:term":[{"taxonomy":"category","embeddable":true,"href":"https:\/\/ktechproduccion.net\/diariosalud.com\/wp-json\/wp\/v2\/categories?post=32586"},{"taxonomy":"post_tag","embeddable":true,"href":"https:\/\/ktechproduccion.net\/diariosalud.com\/wp-json\/wp\/v2\/tags?post=32586"}],"curies":[{"name":"wp","href":"https:\/\/api.w.org\/{rel}","templated":true}]}}