{"id":32585,"date":"2021-07-12T17:58:33","date_gmt":"2021-07-12T21:58:33","guid":{"rendered":"https:\/\/diariosalud.com\/uncategorized\/estudios-determinan-danos-neurologicos-que-ocasiona-el-covid-19\/"},"modified":"2021-07-12T17:58:33","modified_gmt":"2021-07-12T21:58:33","slug":"estudios-determinan-danos-neurologicos-que-ocasiona-el-covid-19","status":"publish","type":"post","link":"https:\/\/ktechproduccion.net\/diariosalud.com\/estudios-determinan-danos-neurologicos-que-ocasiona-el-covid-19\/","title":{"rendered":"Estudios determinan da\u00f1os neurol\u00f3gicos que ocasiona el COVID-19"},"content":{"rendered":"\n<p>La realizaci\u00f3n de un estudio hecho por un grupo de investigadores brasile\u00f1os especialistas de las \u00e1reas de la biolog\u00eda, psicolog\u00eda, psiquiatr\u00eda y neurolog\u00eda determinaron que las personas que padecen de COVID- 19, suelen presentar s\u00edntomas neuropsiqui\u00e1tricos y neurol\u00f3gicos.&nbsp;&nbsp;<\/p>\n\n\n\n<p>Los resultados de esta investigaci\u00f3n han sido publicados en la revista <strong>MeRxiv <\/strong>y arrojaron que el 56 por ciento de los pacientes con COVID-19, que fueron parte de la poblaci\u00f3n a estudiar y ten\u00edan s\u00edntomas leves, presentaban ansiedad y deterioro cognitivo, debido a una infecci\u00f3n que provoca que un fenotipo secretor reduzca la viabilidad neuronal.\u00a0<\/p>\n\n\n\n<p>Otro de los puntos importantes que indica esta documentaci\u00f3n es que los anteriormente mencionados ten\u00edan el tejido cerebral afectado y exhiben focos de infecci\u00f3n, y replicaci\u00f3n producto del COVID-19.&nbsp;&nbsp;<\/p>\n\n\n\n<p>La infecci\u00f3n de los astrocitos manifestaron cambios en el metabolismo energ\u00e9tico, en las prote\u00ednas y en la biog\u00e9nesis de los neurotransmisores.&nbsp;<\/p>\n\n\n\n<p>Los investigadores para llevar a cabo este estudio se apoyaron en el modelo en el que, el SARS-CoV-2 llega al cerebro, infecta a los astrocitos y, en consecuencia, conduce a la muerte o disfunci\u00f3n neuronal.&nbsp;<\/p>\n\n\n\n<p>Los mismos aseguran que estos procesos desregulados tambi\u00e9n pueden contribuir a las alteraciones estructurales y funcionales que han podido observar en el cerebro de los pacientes con COVID-19.&nbsp;<\/p>\n\n\n\n<p>Los especialistas brasile\u00f1os que fueron parte de la ejecuci\u00f3n de esta investigaci\u00f3n <strong>fueron V\u00edctor Corasolla Carregari, Flavio Protasio Veras, Gabriela Fabiano de Souza, Fernanda Crunfli, Aline Gazzola Fragnani Valen\u00e7a y Andr\u00e9 Saraiva Le\u00e3o Marcelo Antunes<\/strong>, quienes junto a otros expertos materializaron este trabajo.\u00a0\u00a0<\/p>\n","protected":false},"excerpt":{"rendered":"<p>La realizaci\u00f3n de un estudio hecho por un grupo de investigadores brasile\u00f1os especialistas de las \u00e1reas de la biolog\u00eda, psicolog\u00eda, psiquiatr\u00eda y neurolog\u00eda determinaron que las personas que padecen de COVID- 19, suelen presentar s\u00edntomas neuropsiqui\u00e1tricos y neurol\u00f3gicos.&nbsp;&nbsp; Los resultados de esta investigaci\u00f3n han sido publicados en la revista MeRxiv y arrojaron que el 56 [&hellip;]<\/p>\n","protected":false},"author":18,"featured_media":23946,"comment_status":"closed","ping_status":"closed","sticky":false,"template":"","format":"standard","meta":{"_acf_changed":false,"footnotes":""},"categories":[551],"tags":[127,235,244,99,113],"class_list":["post-32585","post","type-post","status-publish","format-standard","has-post-thumbnail","hentry","category-noticias","tag-covid19","tag-investigacion","tag-psicologos","tag-psiquiatria","tag-salud-mental"],"acf":[],"_links":{"self":[{"href":"https:\/\/ktechproduccion.net\/diariosalud.com\/wp-json\/wp\/v2\/posts\/32585","targetHints":{"allow":["GET"]}}],"collection":[{"href":"https:\/\/ktechproduccion.net\/diariosalud.com\/wp-json\/wp\/v2\/posts"}],"about":[{"href":"https:\/\/ktechproduccion.net\/diariosalud.com\/wp-json\/wp\/v2\/types\/post"}],"author":[{"embeddable":true,"href":"https:\/\/ktechproduccion.net\/diariosalud.com\/wp-json\/wp\/v2\/users\/18"}],"replies":[{"embeddable":true,"href":"https:\/\/ktechproduccion.net\/diariosalud.com\/wp-json\/wp\/v2\/comments?post=32585"}],"version-history":[{"count":0,"href":"https:\/\/ktechproduccion.net\/diariosalud.com\/wp-json\/wp\/v2\/posts\/32585\/revisions"}],"wp:featuredmedia":[{"embeddable":true,"href":"https:\/\/ktechproduccion.net\/diariosalud.com\/wp-json\/wp\/v2\/media\/23946"}],"wp:attachment":[{"href":"https:\/\/ktechproduccion.net\/diariosalud.com\/wp-json\/wp\/v2\/media?parent=32585"}],"wp:term":[{"taxonomy":"category","embeddable":true,"href":"https:\/\/ktechproduccion.net\/diariosalud.com\/wp-json\/wp\/v2\/categories?post=32585"},{"taxonomy":"post_tag","embeddable":true,"href":"https:\/\/ktechproduccion.net\/diariosalud.com\/wp-json\/wp\/v2\/tags?post=32585"}],"curies":[{"name":"wp","href":"https:\/\/api.w.org\/{rel}","templated":true}]}}