{"id":32583,"date":"2021-07-12T13:47:10","date_gmt":"2021-07-12T17:47:10","guid":{"rendered":"https:\/\/diariosalud.com\/uncategorized\/oncologico-promueve-medicos-residentes\/"},"modified":"2021-07-12T13:47:10","modified_gmt":"2021-07-12T17:47:10","slug":"oncologico-promueve-medicos-residentes","status":"publish","type":"post","link":"https:\/\/ktechproduccion.net\/diariosalud.com\/oncologico-promueve-medicos-residentes\/","title":{"rendered":"Oncol\u00f3gico promueve m\u00e9dicos residentes"},"content":{"rendered":"\n<p>SANTO DOMINGO.-Durante una actividad realizada en el sal\u00f3n multiusos, la <strong>Escuela Nacional de Oncolog\u00eda de la Liga Dominicana Contra el C\u00e1ncer (LDCC<\/strong>) realiz\u00f3 la presentaci\u00f3n de los nuevos m\u00e9dicos residentes promoci\u00f3n 2021-2024.\u00a0<\/p>\n\n\n\n<p>Seg\u00fan inform\u00f3 la entidad, fueron promovidos los residentes de 1er\u00a0 y 2do\u00a0 a\u00f1o. La actividad estuvo encabezada por el <strong>jefe de esta Escuela, doctor \u00c1lvaro Gartner Caballero<\/strong>. La presentaci\u00f3n y promoci\u00f3n de los j\u00f3venes m\u00e9dicos estuvo a cargo de los Coordinadores Acad\u00e9micos.\u00a0\u00a0\u00a0\u00a0<\/p>\n\n\n\n<p>En la actividad participaron los principales directivos como son la<strong> presidenta de la Liga Dominicana Contra el C\u00e1ncer, Julia M. Guerra de Oller<\/strong>; la <strong>directora m\u00e9dico del IOHP, doctora Rosa Hayde\u00e9 Vassallo Veras<\/strong> y el <strong>subdirector m\u00e9dico, doctor H\u00e9ctor Ram\u00edrez Pimentel.<\/strong> Tambi\u00e9n les acompa\u00f1aron el gerente financiero, licenciado Edward Veloz y la gerente de Recursos Humanos, licenciada Yuderkys Cuello<\/p>\n\n\n\n<p>La licenciada Silvia De Pe\u00f1a, Psico-onc\u00f3loga dirigi\u00f3 a los futuros onc\u00f3logos unas palabras de motivaci\u00f3n.&nbsp; El cierre de la actividad estuvo a cargo de la doctora Vassallo, quien exhort\u00f3 a los Residentes a tener un buen desempe\u00f1o durante su formaci\u00f3n acad\u00e9mica.&nbsp; \u201cUstedes escribir\u00e1n su historia en una hoja en blanco que ahora iniciar\u00e1; es su responsabilidad que esta hoja se mantenga intacta y reflejan su buen accionar profesional\u201d, dijo.<\/p>\n\n\n\n<p>La se\u00f1ora Guerra les exhort\u00f3 a realizar su trabajo con humanismo, uno de los valores indispensables para la atenci\u00f3n del paciente oncol\u00f3gico, que adem\u00e1s de una atenci\u00f3n m\u00e9dica de calidad, necesita esa parte humana.&nbsp; Tambi\u00e9n expres\u00f3 que el Instituto Oncol\u00f3gico cuenta con excelentes m\u00e9dicos docentes, responsables de la formaci\u00f3n de estos profesionales, en quienes ha depositado toda su confianza.<\/p>\n","protected":false},"excerpt":{"rendered":"<p>SANTO DOMINGO.-Durante una actividad realizada en el sal\u00f3n multiusos, la Escuela Nacional de Oncolog\u00eda de la Liga Dominicana Contra el C\u00e1ncer (LDCC) realiz\u00f3 la presentaci\u00f3n de los nuevos m\u00e9dicos residentes promoci\u00f3n 2021-2024.\u00a0 Seg\u00fan inform\u00f3 la entidad, fueron promovidos los residentes de 1er\u00a0 y 2do\u00a0 a\u00f1o. La actividad estuvo encabezada por el jefe de esta Escuela, [&hellip;]<\/p>\n","protected":false},"author":18,"featured_media":23942,"comment_status":"closed","ping_status":"closed","sticky":false,"template":"","format":"standard","meta":{"_acf_changed":false,"footnotes":""},"categories":[551],"tags":[1058,1059,1060],"class_list":["post-32583","post","type-post","status-publish","format-standard","has-post-thumbnail","hentry","category-noticias","tag-clinicas-y-hospitales","tag-liga-dominicana-contra-el-cancer","tag-oncologico"],"acf":[],"_links":{"self":[{"href":"https:\/\/ktechproduccion.net\/diariosalud.com\/wp-json\/wp\/v2\/posts\/32583","targetHints":{"allow":["GET"]}}],"collection":[{"href":"https:\/\/ktechproduccion.net\/diariosalud.com\/wp-json\/wp\/v2\/posts"}],"about":[{"href":"https:\/\/ktechproduccion.net\/diariosalud.com\/wp-json\/wp\/v2\/types\/post"}],"author":[{"embeddable":true,"href":"https:\/\/ktechproduccion.net\/diariosalud.com\/wp-json\/wp\/v2\/users\/18"}],"replies":[{"embeddable":true,"href":"https:\/\/ktechproduccion.net\/diariosalud.com\/wp-json\/wp\/v2\/comments?post=32583"}],"version-history":[{"count":0,"href":"https:\/\/ktechproduccion.net\/diariosalud.com\/wp-json\/wp\/v2\/posts\/32583\/revisions"}],"wp:featuredmedia":[{"embeddable":true,"href":"https:\/\/ktechproduccion.net\/diariosalud.com\/wp-json\/wp\/v2\/media\/23942"}],"wp:attachment":[{"href":"https:\/\/ktechproduccion.net\/diariosalud.com\/wp-json\/wp\/v2\/media?parent=32583"}],"wp:term":[{"taxonomy":"category","embeddable":true,"href":"https:\/\/ktechproduccion.net\/diariosalud.com\/wp-json\/wp\/v2\/categories?post=32583"},{"taxonomy":"post_tag","embeddable":true,"href":"https:\/\/ktechproduccion.net\/diariosalud.com\/wp-json\/wp\/v2\/tags?post=32583"}],"curies":[{"name":"wp","href":"https:\/\/api.w.org\/{rel}","templated":true}]}}