{"id":32560,"date":"2021-06-19T20:26:54","date_gmt":"2021-06-20T00:26:54","guid":{"rendered":"https:\/\/diariosalud.com\/uncategorized\/diariosalud-tv-invita-a-programa-sobre-cuidado-del-adulto-mayor\/"},"modified":"2026-03-18T23:17:47","modified_gmt":"2026-03-18T22:17:47","slug":"diariosalud-tv-invita-a-programa-sobre-cuidado-del-adulto-mayor","status":"publish","type":"post","link":"https:\/\/ktechproduccion.net\/diariosalud.com\/diariosalud-tv-invita-a-programa-sobre-cuidado-del-adulto-mayor\/","title":{"rendered":"DiarioSalud TV invita a programa sobre cuidado del adulto mayor"},"content":{"rendered":"\n<p>SANTO DOMINGO.- Como parte de su compromiso con el sector salud dominicano y la poblaci\u00f3n en general de informar y educar sobre temas de actualidad e inter\u00e9s,&nbsp; <strong>DiarioSalud TV <\/strong>realizar\u00e1 el programa \u00ab<strong>Cuidado del adulto mayor en el hogar<\/strong>\u00ab.<\/p>\n\n\n\n<p>Esta entrega contar\u00e1 con la participaci\u00f3n de la <strong>doctora Mar\u00eda Vargas Ju\u00e1rez<\/strong>, M\u00e9dico Geriatra-Nutri\u00f3loga Cl\u00ednica.<\/p>\n\n\n\n<p>La transmisi\u00f3n en vivo se llevar\u00e1 a cabo este martes 22 de junio&nbsp; a las 4:00 de la tarde, a trav\u00e9s de las redes sociales de DiarioSalud.do.<\/p>\n\n\n\n<p>&#8211; <a href=\"https:\/\/www.facebook.com\/DiarioSaludDo\/posts\/5592822537459217\">Facebook<\/a><\/p>\n\n\n\n<p>&#8211; <a href=\"ttps:\/\/twitter.com\/home\">Twitter<\/a><\/p>\n\n\n\n<p>&#8211; <a href=\"https:\/\/www.youtube.com\/watch?v=Wz3ANONKI8Y\">Youtube<\/a><\/p>\n\n\n\n<p>&#8211; <a href=\"https:\/\/www.linkedin.com\/feed\/update\/urn:li:ugcPost:6812066226593001473\/\">LinkedIn<\/a><\/p>\n\n\n\n<p>Cada martes tenemos un especialista de la salud con un tema de inter\u00e9s colectivo. Recuerde que puede realizar sus preguntas y los invitados las responder\u00e1n en vivo.&nbsp; Para participar en el programa solo debe acceder a nuestras redes sociales.<\/p>\n","protected":false},"excerpt":{"rendered":"<p>SANTO DOMINGO.- Como parte de su compromiso con el sector salud dominicano y la poblaci\u00f3n en general de informar y educar sobre temas de actualidad e inter\u00e9s,&nbsp; DiarioSalud TV realizar\u00e1 el programa \u00abCuidado del adulto mayor en el hogar\u00ab. Esta entrega contar\u00e1 con la participaci\u00f3n de la doctora Mar\u00eda Vargas Ju\u00e1rez, M\u00e9dico Geriatra-Nutri\u00f3loga Cl\u00ednica. La [&hellip;]<\/p>\n","protected":false},"author":18,"featured_media":23901,"comment_status":"closed","ping_status":"closed","sticky":false,"template":"","format":"standard","meta":{"_acf_changed":false,"footnotes":""},"categories":[620],"tags":[1020,630,1021,1022],"class_list":["post-32560","post","type-post","status-publish","format-standard","has-post-thumbnail","hentry","category-diariosalud-tv","tag-cuidado-adulto-mayor","tag-diariosaludtv","tag-dra-maria-vargas-juarez","tag-sociedad-dominicana-de-geriatria"],"acf":[],"_links":{"self":[{"href":"https:\/\/ktechproduccion.net\/diariosalud.com\/wp-json\/wp\/v2\/posts\/32560","targetHints":{"allow":["GET"]}}],"collection":[{"href":"https:\/\/ktechproduccion.net\/diariosalud.com\/wp-json\/wp\/v2\/posts"}],"about":[{"href":"https:\/\/ktechproduccion.net\/diariosalud.com\/wp-json\/wp\/v2\/types\/post"}],"author":[{"embeddable":true,"href":"https:\/\/ktechproduccion.net\/diariosalud.com\/wp-json\/wp\/v2\/users\/18"}],"replies":[{"embeddable":true,"href":"https:\/\/ktechproduccion.net\/diariosalud.com\/wp-json\/wp\/v2\/comments?post=32560"}],"version-history":[{"count":1,"href":"https:\/\/ktechproduccion.net\/diariosalud.com\/wp-json\/wp\/v2\/posts\/32560\/revisions"}],"predecessor-version":[{"id":43923,"href":"https:\/\/ktechproduccion.net\/diariosalud.com\/wp-json\/wp\/v2\/posts\/32560\/revisions\/43923"}],"wp:featuredmedia":[{"embeddable":true,"href":"https:\/\/ktechproduccion.net\/diariosalud.com\/wp-json\/wp\/v2\/media\/23901"}],"wp:attachment":[{"href":"https:\/\/ktechproduccion.net\/diariosalud.com\/wp-json\/wp\/v2\/media?parent=32560"}],"wp:term":[{"taxonomy":"category","embeddable":true,"href":"https:\/\/ktechproduccion.net\/diariosalud.com\/wp-json\/wp\/v2\/categories?post=32560"},{"taxonomy":"post_tag","embeddable":true,"href":"https:\/\/ktechproduccion.net\/diariosalud.com\/wp-json\/wp\/v2\/tags?post=32560"}],"curies":[{"name":"wp","href":"https:\/\/api.w.org\/{rel}","templated":true}]}}