{"id":32555,"date":"2021-06-15T16:18:44","date_gmt":"2021-06-15T20:18:44","guid":{"rendered":"https:\/\/diariosalud.com\/uncategorized\/las-estatinas-suman-riesgo-de-demencia-a-personas-con-deterioro-cognitivo\/"},"modified":"2021-06-15T16:18:44","modified_gmt":"2021-06-15T20:18:44","slug":"las-estatinas-suman-riesgo-de-demencia-a-personas-con-deterioro-cognitivo","status":"publish","type":"post","link":"https:\/\/ktechproduccion.net\/diariosalud.com\/las-estatinas-suman-riesgo-de-demencia-a-personas-con-deterioro-cognitivo\/","title":{"rendered":"Las estatinas suman riesgo de demencia a personas con deterioro cognitivo"},"content":{"rendered":"\n<p>En pacientes con deterioro cognitivo leve, <strong>tomar estatinas lipof\u00edlicas aumenta a m\u00e1s del doble el riesgo de desarrollar demencia<\/strong> en comparaci\u00f3n con los que no toman estatinas, seg\u00fan ha evidenciado una investigaci\u00f3n que se ha presentado en la \u2018<strong>Reuni\u00f3n Anual de la Sociedad de Medicina Nuclear e Imagen Molecular 2021<\/strong>\u2019.<\/p>\n\n\n\n<p>Este estudio ha revelado que las tomograf\u00edas por emisi\u00f3n de positrones (PET) de los usuarios de estatinas lipof\u00edlicas han demostrado una <strong>disminuci\u00f3n muy significativa del metabolismo en el \u00e1rea del cerebro<\/strong> que es la primera en sufrir el impacto de la enfermedad de Alzheimer.<\/p>\n\n\n\n<p>Las estatinas son medicamentos que se utilizan para reducir el colesterol y el riesgo de infarto o ictus. Son los f\u00e1rmacos m\u00e1s utilizados en el mundo desarrollado, y casi el 50 por ciento de los estadounidenses mayores de 75 a\u00f1os utilizan una estatina. Existen diferentes tipos de estatinas en funci\u00f3n de las necesidades de salud del paciente, como las estatinas hidrof\u00edlicas, que se concentran en el h\u00edgado, y las estatinas lipof\u00edlicas, que se distribuyen por los tejidos de todo el cuerpo.<\/p>\n\n\n\n<p><strong>Efectos de las estatinas en la cognici\u00f3n<\/strong><\/p>\n\n\n\n<p>\u00ab<strong>Ha habido muchos estudios contradictorios sobre los efectos de las estatinas en la cognici\u00f3n<\/strong>\u00ab, ha afirmado Prasanna Padmanabham, jefe de proyecto de estatinas y cognici\u00f3n en el programa de investigaci\u00f3n de estudiantes de farmacolog\u00eda molecular y m\u00e9dica de la Universidad de California, en Estados Unidos.<\/p>\n\n\n\n<p>\u00ab<strong>Mientras algunos afirman que las estatinas protegen a los usuarios contra la demencia, otros aseguran que aceleran el desarrollo de la misma. Nuestro estudio pretend\u00eda aclarar la relaci\u00f3n entre el uso de estatinas y la trayectoria cognitiva a largo plazo de los sujetos<\/strong>\u00ab, ha argumentado.<\/p>\n\n\n\n<p>Los investigadores separaron a los participantes del estudio en grupos en funci\u00f3n de tres par\u00e1metros: estado cognitivo de partida, niveles de colesterol de partida y tipo de estatina utilizada. Los participantes se sometieron a una prueba de imagen PET con 18F-FDG para identificar cualquier regi\u00f3n de disminuci\u00f3n del metabolismo cerebral dentro de cada grupo de estatinas. Se analizaron ocho a\u00f1os de datos cl\u00ednicos de los sujetos.<\/p>\n\n\n\n<p><strong>Estatinas y alzh\u00e9imer<\/strong><\/p>\n\n\n\n<p>Con el paso del tiempo, las im\u00e1genes PET de los consumidores de estatinas lipof\u00edlicas tambi\u00e9n mostraron un descenso sustancial del metabolismo en el c\u00f3rtex cingulado posterior, la regi\u00f3n del cerebro que se sabe que disminuye m\u00e1s significativamente en las primeras fases de la enfermedad de Alzheimer. Por el contrario, no se encontr\u00f3 ning\u00fan deterioro cl\u00ednico o metab\u00f3lico en los usuarios de otras estatinas o en los usuarios de estatinas con niveles de colesterol s\u00e9rico m\u00e1s altos.<\/p>\n\n\n\n<p>\u00abAl caracterizar los efectos metab\u00f3licos asociados con el uso de estatinas, estamos proporcionando una nueva aplicaci\u00f3n de la PET para avanzar en la comprensi\u00f3n de la relaci\u00f3n entre una de las clases de f\u00e1rmacos m\u00e1s utilizadas y una de las afecciones m\u00e1s comunes del envejecimiento del cerebro\u00bb, ha sentenciado Padmanabham.<\/p>\n\n\n\n<p>Fuente: Redacci\u00f3n M\u00e9dica.<\/p>\n","protected":false},"excerpt":{"rendered":"<p>En pacientes con deterioro cognitivo leve, tomar estatinas lipof\u00edlicas aumenta a m\u00e1s del doble el riesgo de desarrollar demencia en comparaci\u00f3n con los que no toman estatinas, seg\u00fan ha evidenciado una investigaci\u00f3n que se ha presentado en la \u2018Reuni\u00f3n Anual de la Sociedad de Medicina Nuclear e Imagen Molecular 2021\u2019. Este estudio ha revelado que [&hellip;]<\/p>\n","protected":false},"author":18,"featured_media":23891,"comment_status":"closed","ping_status":"closed","sticky":false,"template":"","format":"standard","meta":{"_acf_changed":false,"footnotes":""},"categories":[551],"tags":[131,521,235,1011],"class_list":["post-32555","post","type-post","status-publish","format-standard","has-post-thumbnail","hentry","category-noticias","tag-estatinas","tag-estudio","tag-investigacion","tag-uso-estatinas"],"acf":[],"_links":{"self":[{"href":"https:\/\/ktechproduccion.net\/diariosalud.com\/wp-json\/wp\/v2\/posts\/32555","targetHints":{"allow":["GET"]}}],"collection":[{"href":"https:\/\/ktechproduccion.net\/diariosalud.com\/wp-json\/wp\/v2\/posts"}],"about":[{"href":"https:\/\/ktechproduccion.net\/diariosalud.com\/wp-json\/wp\/v2\/types\/post"}],"author":[{"embeddable":true,"href":"https:\/\/ktechproduccion.net\/diariosalud.com\/wp-json\/wp\/v2\/users\/18"}],"replies":[{"embeddable":true,"href":"https:\/\/ktechproduccion.net\/diariosalud.com\/wp-json\/wp\/v2\/comments?post=32555"}],"version-history":[{"count":0,"href":"https:\/\/ktechproduccion.net\/diariosalud.com\/wp-json\/wp\/v2\/posts\/32555\/revisions"}],"wp:featuredmedia":[{"embeddable":true,"href":"https:\/\/ktechproduccion.net\/diariosalud.com\/wp-json\/wp\/v2\/media\/23891"}],"wp:attachment":[{"href":"https:\/\/ktechproduccion.net\/diariosalud.com\/wp-json\/wp\/v2\/media?parent=32555"}],"wp:term":[{"taxonomy":"category","embeddable":true,"href":"https:\/\/ktechproduccion.net\/diariosalud.com\/wp-json\/wp\/v2\/categories?post=32555"},{"taxonomy":"post_tag","embeddable":true,"href":"https:\/\/ktechproduccion.net\/diariosalud.com\/wp-json\/wp\/v2\/tags?post=32555"}],"curies":[{"name":"wp","href":"https:\/\/api.w.org\/{rel}","templated":true}]}}