{"id":32334,"date":"2020-10-29T15:10:04","date_gmt":"2020-10-29T19:10:04","guid":{"rendered":"https:\/\/diariosalud.com\/uncategorized\/neurologa-asegura-atencion-oportuna-puede-mejorar-pronostico-de-ictus\/"},"modified":"2020-10-29T15:10:04","modified_gmt":"2020-10-29T19:10:04","slug":"neurologa-asegura-atencion-oportuna-puede-mejorar-pronostico-de-ictus","status":"publish","type":"post","link":"https:\/\/ktechproduccion.net\/diariosalud.com\/neurologa-asegura-atencion-oportuna-puede-mejorar-pronostico-de-ictus\/","title":{"rendered":"Neur\u00f3loga asegura atenci\u00f3n oportuna puede mejorar pron\u00f3stico de Ictus"},"content":{"rendered":"\n<p>SANTO DOMINGO.- Con motivo a conmemorarse este 29 de octubre el D\u00eda Mundial del Ictus, la encargada del servicio de Neurolog\u00eda del hospital doctor Francisco Eugenio Moscoso Puello, doctora Tania Vargas, llam\u00f3 a la ciudadan\u00eda estar alerta sobre la aparici\u00f3n de s\u00edntomas de un Ictus o Accidente Cerebro Vascular (ACV).\u00a0<\/p>\n\n\n\n<p>La doctora Vargas destac\u00f3 que una atenci\u00f3n oportuna soportada en el diagn\u00f3stico (por excelencia la tomograf\u00eda axial computarizada y la resonancia magn\u00e9tica cerebral) y tratamiento a tiempo, pueden mejorar la evoluci\u00f3n y pron\u00f3stico de la enfermedad.&nbsp;<\/p>\n\n\n\n<p>En este sentido,&nbsp; recomend\u00f3 a la poblaci\u00f3n a acudir al centro m\u00e9dico si presenta debilidad motora de un lado del cuerpo, trastornos visuales, de la marcha y del habla (voz \u00abestropajosa\u00bb y\/o incapacidad para pronunciar o comprender palabras), alteraci\u00f3n de la conciencia, cefalea y convulsiones, ya que son de los principales s\u00edntomas de ACV.<\/p>\n\n\n\n<p>El ACV o Accidente Cerebro Vascular, es el t\u00e9rmino cl\u00ednico utilizado para definir la aparici\u00f3n aguda de un d\u00e9ficit neurol\u00f3gico debido a la falta de irrigaci\u00f3n sangu\u00ednea al tejido cerebral.<\/p>\n\n\n\n<p>Agreg\u00f3 que de manera general el ACV se divide en dos grandes grupos: los isqu\u00e9micos y los hemorr\u00e1gicos.&nbsp;<\/p>\n\n\n\n<p>La neur\u00f3loga se\u00f1al\u00f3 que los factores de riesgo son la edad, hipertensi\u00f3n arterial, diabetes mellitus, dislipidemias, consumo de tabaco y alcohol, obesidad y sedentarismo, arritmias y defectos cong\u00e9nitos card\u00edacos.<\/p>\n\n\n\n<p>Destac\u00f3 otros como el uso de sustancias il\u00edcitas, enfermedades hereditarias como la anemia falciforme, enfermedades autoinmunes y s\u00edndromes de hipercoagulabilidad, enfermedades infecciosas como la s\u00edfilis y m\u00e1s recientemente Covid-19 y la neoplasias.<\/p>\n\n\n\n<p>La especialista inst\u00f3 a la poblaci\u00f3n a llevar un estilo de vida y dieta saludable.<\/p>\n","protected":false},"excerpt":{"rendered":"<p>SANTO DOMINGO.- Con motivo a conmemorarse este 29 de octubre el D\u00eda Mundial del Ictus, la encargada del servicio de Neurolog\u00eda del hospital doctor Francisco Eugenio Moscoso Puello, doctora Tania Vargas, llam\u00f3 a la ciudadan\u00eda estar alerta sobre la aparici\u00f3n de s\u00edntomas de un Ictus o Accidente Cerebro Vascular (ACV).\u00a0 La doctora Vargas destac\u00f3 que [&hellip;]<\/p>\n","protected":false},"author":18,"featured_media":23511,"comment_status":"closed","ping_status":"closed","sticky":false,"template":"","format":"standard","meta":{"_acf_changed":false,"footnotes":""},"categories":[551],"tags":[532,351,118],"class_list":["post-32334","post","type-post","status-publish","format-standard","has-post-thumbnail","hentry","category-noticias","tag-acv","tag-moscoso-puello","tag-neurologia"],"acf":[],"_links":{"self":[{"href":"https:\/\/ktechproduccion.net\/diariosalud.com\/wp-json\/wp\/v2\/posts\/32334","targetHints":{"allow":["GET"]}}],"collection":[{"href":"https:\/\/ktechproduccion.net\/diariosalud.com\/wp-json\/wp\/v2\/posts"}],"about":[{"href":"https:\/\/ktechproduccion.net\/diariosalud.com\/wp-json\/wp\/v2\/types\/post"}],"author":[{"embeddable":true,"href":"https:\/\/ktechproduccion.net\/diariosalud.com\/wp-json\/wp\/v2\/users\/18"}],"replies":[{"embeddable":true,"href":"https:\/\/ktechproduccion.net\/diariosalud.com\/wp-json\/wp\/v2\/comments?post=32334"}],"version-history":[{"count":0,"href":"https:\/\/ktechproduccion.net\/diariosalud.com\/wp-json\/wp\/v2\/posts\/32334\/revisions"}],"wp:featuredmedia":[{"embeddable":true,"href":"https:\/\/ktechproduccion.net\/diariosalud.com\/wp-json\/wp\/v2\/media\/23511"}],"wp:attachment":[{"href":"https:\/\/ktechproduccion.net\/diariosalud.com\/wp-json\/wp\/v2\/media?parent=32334"}],"wp:term":[{"taxonomy":"category","embeddable":true,"href":"https:\/\/ktechproduccion.net\/diariosalud.com\/wp-json\/wp\/v2\/categories?post=32334"},{"taxonomy":"post_tag","embeddable":true,"href":"https:\/\/ktechproduccion.net\/diariosalud.com\/wp-json\/wp\/v2\/tags?post=32334"}],"curies":[{"name":"wp","href":"https:\/\/api.w.org\/{rel}","templated":true}]}}