{"id":32301,"date":"2020-09-29T16:57:21","date_gmt":"2020-09-29T20:57:21","guid":{"rendered":"https:\/\/diariosalud.com\/uncategorized\/37-muertes-son-causadas-por-enfermedades-cardiovasculares\/"},"modified":"2020-09-29T16:57:21","modified_gmt":"2020-09-29T20:57:21","slug":"37-muertes-son-causadas-por-enfermedades-cardiovasculares","status":"publish","type":"post","link":"https:\/\/ktechproduccion.net\/diariosalud.com\/37-muertes-son-causadas-por-enfermedades-cardiovasculares\/","title":{"rendered":"37% muertes son causadas por enfermedades cardiovasculares"},"content":{"rendered":"\n<p>SANTO DOMINGO.- En la actualidad la incidencia de enfermedad cardiovascular va en incremento, representando la principal causa de muerte a nivel mundial.<\/p>\n\n\n\n<p>La doctora Claudia Almonte explic\u00f3 que de acuerdo a patolog\u00eda forense un 37 por ciento de las muertes son provocadas por enfermedades cardiovasculares, mientras que un 32 por ciento de la poblaci\u00f3n es hipertensa.<\/p>\n\n\n\n<p>\u201cNo tenemos datos actualizados de infartos, aunque ha crecido, el buen abordaje de las mismas, mediante intervencionismo, existen medicamentos que prolongan la vida de los enfermos, mejora la calidad, pero la casu\u00edstica contin\u00faa en aumento\u201d, manifest\u00f3.<\/p>\n\n\n\n<p>Detall\u00f3 adem\u00e1s que las enfermedades cardiovasculares m\u00e1s frecuentes en el pa\u00eds son la Hipertensi\u00f3n Arterial, Cardiopat\u00eda isqu\u00e9mica, Arritmias, Falla Cardiaca, Valvulopat\u00edas, siendo las que m\u00e1s fallecimientos provoca y las de mayor prevalencia la Cardiopat\u00eda isqu\u00e9mica y Falla Cardiaca.<\/p>\n\n\n\n<p>\u201cInfartos, no tenemos data exacta actualizada, se est\u00e1 contemplando un registro nacional\u201d, sostuvo.<\/p>\n\n\n\n<p>Al conversar con DiarioSalud.do a prop\u00f3sito de conmemorarse este martes 29 de septiembre el D\u00eda Mundial del Coraz\u00f3n, la especialista explic\u00f3 que se ha observado un aumento en&nbsp; las complicaciones y fallecimientos por enfermedades cardiacas durante la pandemia, aunque en el pa\u00eds no existe una data concreta.<\/p>\n\n\n\n<p>\u201cComo en otros pa\u00edses, la asistencia a las emergencias disminuyen, por temor a acudir a las mismas, por miedo al contagio, si hubo mayor cantidad de descompensaciones cardiovasculares de toda \u00edndole, falla cardiaca, descontrol de tensi\u00f3n arterial, infartos, ACV\u201d, a\u00f1adi\u00f3.<\/p>\n\n\n\n<p>La doctora Almonte dijo que a nivel institucional se han ejecutado acciones para que las enfermedades cardiacas no pasen a un segundo plano o pierdan importancia debido a la pandemia.<\/p>\n\n\n\n<p>En este sentido, detall\u00f3 que se ha estado alertando, por diferentes medios, escritos, radio, televisi\u00f3n, live, gu\u00edas o protocolos para continuar brindando asistencia y adem\u00e1s alertando a la poblaci\u00f3n sobre no minimizar s\u00edntomas o comunicarse con su m\u00e9dico, las diferentes instituciones han abordado este tema<\/p>\n\n\n\n<p>La especialista recomend\u00f3 para mantener una buena salud cardiovascular y prevenir los infartos y ACV, caminar 150 minutos semanales, comida saludable, baja en az\u00facares, no consumir grasas saturadas, no alta ingesta de sal, no tabaquismo, realizar evaluaciones peri\u00f3dicas con su m\u00e9dico, conocer sus niveles de l\u00edpidos, glicemia, tensi\u00f3n arterial, peso, su historia familiar.<\/p>\n\n\n\n<p>Asimismo,&nbsp; si posee alguna patolog\u00eda, no postergar consultas, ni medicamentos, avisar a su m\u00e9dico ante cualquier s\u00edntoma, bajar incidencia de estr\u00e9s, vacunarse luego de los 65 a\u00f1os,&nbsp; y&nbsp; si posee falla cardiaca, diabetes o asma, para evitar afecciones de v\u00edas respiratorias.<\/p>\n","protected":false},"excerpt":{"rendered":"<p>SANTO DOMINGO.- En la actualidad la incidencia de enfermedad cardiovascular va en incremento, representando la principal causa de muerte a nivel mundial. La doctora Claudia Almonte explic\u00f3 que de acuerdo a patolog\u00eda forense un 37 por ciento de las muertes son provocadas por enfermedades cardiovasculares, mientras que un 32 por ciento de la poblaci\u00f3n es [&hellip;]<\/p>\n","protected":false},"author":18,"featured_media":23433,"comment_status":"closed","ping_status":"closed","sticky":false,"template":"","format":"standard","meta":{"_acf_changed":false,"footnotes":""},"categories":[566],"tags":[532,533,340,535,536,537],"class_list":["post-32301","post","type-post","status-publish","format-standard","has-post-thumbnail","hentry","category-cardiologia","tag-acv","tag-arritmias","tag-dia-mundial-del-corazon","tag-falla-cardiaca","tag-infartos","tag-valvulopatias"],"acf":[],"_links":{"self":[{"href":"https:\/\/ktechproduccion.net\/diariosalud.com\/wp-json\/wp\/v2\/posts\/32301","targetHints":{"allow":["GET"]}}],"collection":[{"href":"https:\/\/ktechproduccion.net\/diariosalud.com\/wp-json\/wp\/v2\/posts"}],"about":[{"href":"https:\/\/ktechproduccion.net\/diariosalud.com\/wp-json\/wp\/v2\/types\/post"}],"author":[{"embeddable":true,"href":"https:\/\/ktechproduccion.net\/diariosalud.com\/wp-json\/wp\/v2\/users\/18"}],"replies":[{"embeddable":true,"href":"https:\/\/ktechproduccion.net\/diariosalud.com\/wp-json\/wp\/v2\/comments?post=32301"}],"version-history":[{"count":0,"href":"https:\/\/ktechproduccion.net\/diariosalud.com\/wp-json\/wp\/v2\/posts\/32301\/revisions"}],"wp:featuredmedia":[{"embeddable":true,"href":"https:\/\/ktechproduccion.net\/diariosalud.com\/wp-json\/wp\/v2\/media\/23433"}],"wp:attachment":[{"href":"https:\/\/ktechproduccion.net\/diariosalud.com\/wp-json\/wp\/v2\/media?parent=32301"}],"wp:term":[{"taxonomy":"category","embeddable":true,"href":"https:\/\/ktechproduccion.net\/diariosalud.com\/wp-json\/wp\/v2\/categories?post=32301"},{"taxonomy":"post_tag","embeddable":true,"href":"https:\/\/ktechproduccion.net\/diariosalud.com\/wp-json\/wp\/v2\/tags?post=32301"}],"curies":[{"name":"wp","href":"https:\/\/api.w.org\/{rel}","templated":true}]}}