{"id":32280,"date":"2020-09-07T20:29:18","date_gmt":"2020-09-08T00:29:18","guid":{"rendered":"https:\/\/diariosalud.com\/uncategorized\/sociedad-endodoncia-escoge-nueva-directiva\/"},"modified":"2020-09-07T20:29:18","modified_gmt":"2020-09-08T00:29:18","slug":"sociedad-endodoncia-escoge-nueva-directiva","status":"publish","type":"post","link":"https:\/\/ktechproduccion.net\/diariosalud.com\/sociedad-endodoncia-escoge-nueva-directiva\/","title":{"rendered":"Sociedad  Endodoncia escoge nueva directiva"},"content":{"rendered":"\n<p>SANTO DOMINGO.-Mediante una asamblea&nbsp; virtual realizada este 5&nbsp; de septiembre la Sociedad Dominicana de Endodoncia (Sodoendo) escogi\u00f3 su directiva para el&nbsp; per\u00edodo 2020- 2022.<\/p>\n\n\n\n<p>La directiva est\u00e1 encabezada por la doctora F\u00e1tima Bueno C, presidente; doctora Amalia Pimentel, secretaria; doctor Erick Monz\u00f3n, tesorero; y los doctores Miguel Gonz\u00e1lez&nbsp; y Jenny de Jes\u00fas, vocales.&nbsp;<\/p>\n","protected":false},"excerpt":{"rendered":"<p>SANTO DOMINGO.-Mediante una asamblea&nbsp; virtual realizada este 5&nbsp; de septiembre la Sociedad Dominicana de Endodoncia (Sodoendo) escogi\u00f3 su directiva para el&nbsp; per\u00edodo 2020- 2022. La directiva est\u00e1 encabezada por la doctora F\u00e1tima Bueno C, presidente; doctora Amalia Pimentel, secretaria; doctor Erick Monz\u00f3n, tesorero; y los doctores Miguel Gonz\u00e1lez&nbsp; y Jenny de Jes\u00fas, vocales.&nbsp;<\/p>\n","protected":false},"author":18,"featured_media":23397,"comment_status":"open","ping_status":"open","sticky":false,"template":"","format":"standard","meta":{"_acf_changed":false,"footnotes":""},"categories":[551],"tags":[236,93,232],"class_list":["post-32280","post","type-post","status-publish","format-standard","has-post-thumbnail","hentry","category-noticias","tag-endodoncia","tag-odontologia","tag-odontologos"],"acf":[],"_links":{"self":[{"href":"https:\/\/ktechproduccion.net\/diariosalud.com\/wp-json\/wp\/v2\/posts\/32280","targetHints":{"allow":["GET"]}}],"collection":[{"href":"https:\/\/ktechproduccion.net\/diariosalud.com\/wp-json\/wp\/v2\/posts"}],"about":[{"href":"https:\/\/ktechproduccion.net\/diariosalud.com\/wp-json\/wp\/v2\/types\/post"}],"author":[{"embeddable":true,"href":"https:\/\/ktechproduccion.net\/diariosalud.com\/wp-json\/wp\/v2\/users\/18"}],"replies":[{"embeddable":true,"href":"https:\/\/ktechproduccion.net\/diariosalud.com\/wp-json\/wp\/v2\/comments?post=32280"}],"version-history":[{"count":0,"href":"https:\/\/ktechproduccion.net\/diariosalud.com\/wp-json\/wp\/v2\/posts\/32280\/revisions"}],"wp:featuredmedia":[{"embeddable":true,"href":"https:\/\/ktechproduccion.net\/diariosalud.com\/wp-json\/wp\/v2\/media\/23397"}],"wp:attachment":[{"href":"https:\/\/ktechproduccion.net\/diariosalud.com\/wp-json\/wp\/v2\/media?parent=32280"}],"wp:term":[{"taxonomy":"category","embeddable":true,"href":"https:\/\/ktechproduccion.net\/diariosalud.com\/wp-json\/wp\/v2\/categories?post=32280"},{"taxonomy":"post_tag","embeddable":true,"href":"https:\/\/ktechproduccion.net\/diariosalud.com\/wp-json\/wp\/v2\/tags?post=32280"}],"curies":[{"name":"wp","href":"https:\/\/api.w.org\/{rel}","templated":true}]}}