{"id":32279,"date":"2020-09-07T19:27:28","date_gmt":"2020-09-07T23:27:28","guid":{"rendered":"https:\/\/diariosalud.com\/uncategorized\/registran-primeras-secuencias-del-genoma-del-virus-causante-de-covid-19-en-el-pais\/"},"modified":"2020-09-07T19:27:28","modified_gmt":"2020-09-07T23:27:28","slug":"registran-primeras-secuencias-del-genoma-del-virus-causante-de-covid-19-en-el-pais","status":"publish","type":"post","link":"https:\/\/ktechproduccion.net\/diariosalud.com\/registran-primeras-secuencias-del-genoma-del-virus-causante-de-covid-19-en-el-pais\/","title":{"rendered":"Registran primeras secuencias del genoma del virus causante de Covid-19 en el pa\u00eds"},"content":{"rendered":"\n<p>SANTO DOMINGO.-Investigadores registraron las primeras secuencias del SARS-CoV-2 en la plataforma de la Iniciativa Global para compartir Datos de Influenza (GISAID), quienes tambi\u00e9n inscriben las secuencias para SARS-CoV-2.&nbsp; Esta iniciativa permite a los cient\u00edficos de todo el mundo compartir informaci\u00f3n gen\u00f3mica sobre la diversidad de m\u00faltiples pat\u00f3genos, incluidos el causante de la Covid-19.&nbsp;<\/p>\n\n\n\n<p>En el pa\u00eds la investigaci\u00f3n la realizan los investigadores del Instituto de Medicina Tropical &amp; Salud Global de UNIBE, Referencia Laboratorio Cl\u00ednico en colaboraci\u00f3n con el Centro de Ingenier\u00eda Gen\u00e9tica y Biotecnolog\u00eda en Italia.<\/p>\n\n\n\n<p>Estas secuencias representan las primeras registradas por la Rep\u00fablica Dominicana y se une a pa\u00edses como Per\u00fa, M\u00e9xico, Costa Rica y Panam\u00e1 que ya han registrado las secuencias circulantes en sus pa\u00edses. El equipo dominicano estuvo encabezado por el doctor Robert Paulino-Ram\u00edrez y por Eileen Riego MCS, acompa\u00f1ados por el licenciado Alejandro Vallejo, el licenciado V\u00edctor Virgilio Calder\u00f3n, la licenciada Patricia Le\u00f3n y el doctor Leandro Tapia; mientras que por Italia estuvo el doctor Alessandro Marcello.&nbsp;<\/p>\n\n\n\n<p>Seg\u00fan explicaron los investigadores, las secuencias estudiadas expresan su efecto fundador en Rep\u00fablica Dominicana, y podr\u00e1n servir para realizar futuras investigaciones que permitan ayudar a entender la din\u00e1mica viral en el pa\u00eds: c\u00f3mo se ha movido el mismo y c\u00f3mo podr\u00eda estar cambiando su estructura gen\u00f3mica.&nbsp;<\/p>\n\n\n\n<p>\u201cEl SARS-CoV-2 circulante en nuestro pa\u00eds posee la mutaci\u00f3n D614G en la prote\u00edna de espiga del virus y que ha sido relacionada con una alta transmisibilidad, la misma ha sido relacionada con secuencias de Europa y podr\u00edan explicar por qu\u00e9 en los primeros meses se comport\u00f3 de forma explosiva\u201d, explic\u00f3 el Dr. Paulino-Ram\u00edrez.&nbsp;<\/p>\n\n\n\n<p>\u201cEste tipo de informaci\u00f3n podr\u00eda ayudar a establecer un mapa gen\u00e9tico de la circulaci\u00f3n viral en Rep\u00fablica Dominicana, y permitirnos entender c\u00f3mo las vacunas podr\u00edan funcionar cuando por fin podamos tener una\u201d, aclar\u00f3 el licenciado Vallejo.&nbsp;<\/p>\n\n\n\n<p>El equipo de investigadores planea ampliar la investigaci\u00f3n secuenciando genomas virales de diferentes zonas geogr\u00e1ficas de la Rep\u00fablica Dominicana y que hacen frontera con Hait\u00ed, con el fin de identificar posibles nuevas variantes o mutaciones en las cepas circulantes actuales.\u00a0\u00a0<\/p>\n\n\n\n<figure class=\"wp-block-image size-large\"><img decoding=\"async\" src=\"https:\/\/ktechproduccion.net\/diariosalud.com\/wp-content\/uploads\/2020\/09\/Grafico-1-.jpg\" alt=\"\" class=\"wp-image-25061\"\/><figcaption>Gr\u00e1fico 1. <\/figcaption><\/figure>\n\n\n\n<figure class=\"wp-block-image size-large\"><img decoding=\"async\" src=\"https:\/\/ktechproduccion.net\/diariosalud.com\/wp-content\/uploads\/2020\/09\/Grafico-2.jpg\" alt=\"\" class=\"wp-image-25062\"\/><figcaption>Gr\u00e1fico 2. <\/figcaption><\/figure>\n","protected":false},"excerpt":{"rendered":"<p>SANTO DOMINGO.-Investigadores registraron las primeras secuencias del SARS-CoV-2 en la plataforma de la Iniciativa Global para compartir Datos de Influenza (GISAID), quienes tambi\u00e9n inscriben las secuencias para SARS-CoV-2.&nbsp; Esta iniciativa permite a los cient\u00edficos de todo el mundo compartir informaci\u00f3n gen\u00f3mica sobre la diversidad de m\u00faltiples pat\u00f3genos, incluidos el causante de la Covid-19.&nbsp; En el [&hellip;]<\/p>\n","protected":false},"author":18,"featured_media":23395,"comment_status":"open","ping_status":"open","sticky":false,"template":"","format":"standard","meta":{"_acf_changed":false,"footnotes":""},"categories":[551],"tags":[109,127,234,235,193],"class_list":["post-32279","post","type-post","status-publish","format-standard","has-post-thumbnail","hentry","category-noticias","tag-coronavirus","tag-covid19","tag-genoma","tag-investigacion","tag-sars-cov-2"],"acf":[],"_links":{"self":[{"href":"https:\/\/ktechproduccion.net\/diariosalud.com\/wp-json\/wp\/v2\/posts\/32279","targetHints":{"allow":["GET"]}}],"collection":[{"href":"https:\/\/ktechproduccion.net\/diariosalud.com\/wp-json\/wp\/v2\/posts"}],"about":[{"href":"https:\/\/ktechproduccion.net\/diariosalud.com\/wp-json\/wp\/v2\/types\/post"}],"author":[{"embeddable":true,"href":"https:\/\/ktechproduccion.net\/diariosalud.com\/wp-json\/wp\/v2\/users\/18"}],"replies":[{"embeddable":true,"href":"https:\/\/ktechproduccion.net\/diariosalud.com\/wp-json\/wp\/v2\/comments?post=32279"}],"version-history":[{"count":0,"href":"https:\/\/ktechproduccion.net\/diariosalud.com\/wp-json\/wp\/v2\/posts\/32279\/revisions"}],"wp:featuredmedia":[{"embeddable":true,"href":"https:\/\/ktechproduccion.net\/diariosalud.com\/wp-json\/wp\/v2\/media\/23395"}],"wp:attachment":[{"href":"https:\/\/ktechproduccion.net\/diariosalud.com\/wp-json\/wp\/v2\/media?parent=32279"}],"wp:term":[{"taxonomy":"category","embeddable":true,"href":"https:\/\/ktechproduccion.net\/diariosalud.com\/wp-json\/wp\/v2\/categories?post=32279"},{"taxonomy":"post_tag","embeddable":true,"href":"https:\/\/ktechproduccion.net\/diariosalud.com\/wp-json\/wp\/v2\/tags?post=32279"}],"curies":[{"name":"wp","href":"https:\/\/api.w.org\/{rel}","templated":true}]}}