{"id":32235,"date":"2020-07-27T15:06:22","date_gmt":"2020-07-27T19:06:22","guid":{"rendered":"https:\/\/diariosalud.com\/uncategorized\/influencia-de-la-cultura-en-el-tratamiento-y-aparicion-de-los-trastornos-mentales\/"},"modified":"2020-07-27T15:06:22","modified_gmt":"2020-07-27T19:06:22","slug":"influencia-de-la-cultura-en-el-tratamiento-y-aparicion-de-los-trastornos-mentales","status":"publish","type":"post","link":"https:\/\/ktechproduccion.net\/diariosalud.com\/influencia-de-la-cultura-en-el-tratamiento-y-aparicion-de-los-trastornos-mentales\/","title":{"rendered":"Influencia de la cultura en el tratamiento y aparici\u00f3n de los trastornos mentales"},"content":{"rendered":"\n<p>Autora: <strong>Heyliana Marte Abreu<\/strong>, estudiante de Medicina de 2do a\u00f1o del Instituto Tecnol\u00f3gico de Santo Domingo (INTEC). Miembro del Comit\u00e9 Permanente en Salud P\u00fablica (SCOPH) de la Organizaci\u00f3n Dominicana de Estudiantes de Medicina (ODEM).<br><\/p>\n\n\n\n<p>La cultura se refiere a los sistemas de conocimiento, conceptos, reglas y pr\u00e1cticas que se aprenden y transmiten de generaci\u00f3n en generaci\u00f3n. La cultura incluye lenguaje, religi\u00f3n y espiritualidad, estructuras familiares, etapas del ciclo de vida, rituales ceremoniales y costumbres, as\u00ed como sistemas morales y legales. Las culturas son sistemas abiertos y din\u00e1micos que sufren cambios continuos a lo largo del tiempo; En el mundo contempor\u00e1neo, la mayor\u00eda de los individuos y grupos est\u00e1n expuestos a m\u00faltiples culturas, que utilizan para crear sus propias identidades y dar sentido a la experiencia. Estas caracter\u00edsticas de la cultura hacen que sea crucial no generalizar demasiado la informaci\u00f3n cultural o los grupos de estereotipos en t\u00e9rminos de rasgos culturales fijos (1)<br><\/p>\n\n\n\n<p>El concepto de persona no se refiere directamente al yo, definido como el locus de autoconciencia, introspecci\u00f3n e imaginaci\u00f3n, sino tambi\u00e9n a la construcci\u00f3n cultural de la persona como entidad social, junto con sus nociones morales y jur\u00eddicas (2). Las psicoterapias tienen como objetivo promover un cambio adaptativo en la experiencia y el comportamiento de la persona, lo que quiere decir que el objetivo est\u00e1 incrustado en un contexto social y cultural que promueve o sanciona a una particular noci\u00f3n de personalidad. Si cada sistema de psicoterapia depende de modelos impl\u00edcitos de personalidad, que var\u00eda entre culturas, entonces los objetivos y m\u00e9todos terap\u00e9uticos cambian ya que se debe considerar el concepto cultural de la persona (2)<br><\/p>\n\n\n\n<p>En un estudio realizado, con el objetivo de revisar contextos culturales africanos se determin\u00f3 que muchas culturas africanas, se determin\u00f3 un marco pr\u00e1ctico que puede guiar a los terapeutas que trabajan con clientes africanos. Estos individuos manifestar\u00e1n su personalidad a trav\u00e9s de la conexi\u00f3n entre 3 marcos: (a) el marco espiritual, incluyendo a Dios, antepasados \u200b\u200by esp\u00edritus que influyen en la persona; (b) agencia social, incluyendo la familia, el clan y la comunidad, con extensi\u00f3n a la humanidad; y (c) la autogesti\u00f3n, que es responsable de la experiencia interna de la persona. Esta forma distintiva de la personalidad subyace a los conceptos de la persona \u00abnormal\u00bb, la comprensi\u00f3n de la enfermedad mental, el comportamiento de b\u00fasqueda de ayuda y las necesidades y expectativas de los pacientes (2)<br><\/p>\n\n\n\n<p>\u00bfQu\u00e9 nos quiere decir esto? Que es importante conocer la cultura en la cual el individuo se desenvuelve y con la cual se identifique, para as\u00ed poder dar terapias de calidad.<\/p>\n\n\n\n<p>En el caso de los inmigrantes, cuando estos se adaptan a los contextos multiculturales de los pa\u00edses de reasentamiento, enfrentan varias demandas de aculturaci\u00f3n, que tambi\u00e9n pueden afectar su salud mental de manera adaptativa o peligrosa. Una de estas tareas de aculturaci\u00f3n implica desarrollar la competencia cultural necesaria para prosperar y participar socialmente dentro del patrimonio y los dominios culturales mayoritarios. Desde una perspectiva de salud mental p\u00fablica, es importante tener un conocimiento profundo sobre los factores de riesgo y protecci\u00f3n relacionados con la aculturaci\u00f3n (3).<\/p>\n\n\n\n<p>Las formulaciones te\u00f3ricas y los hallazgos emp\u00edricos han se\u00f1alado que la competencia de importancia para uno mismo y la capacidad de ejercer control sobre las cosas que uno valora son cr\u00edticas para la depresi\u00f3n. Factores como la edad, la etapa de desarrollo, las demandas contextuales, la proporci\u00f3n de poblaci\u00f3n de origen no inmigrante a inmigrante en la comunidad y el grupo de comparaci\u00f3n pueden afectar la percepci\u00f3n de los individuos sobre la relevancia y el valor de competencias espec\u00edficas (3)<br><\/p>\n\n\n\n<p>Las futuras investigaciones experimentales y no experimentales deben tratar de desenredar los predictores del desarrollo, individuales y contextuales de la competencia cultural y su relaci\u00f3n con los \u00edndices de salud mental. Esto puede proporcionar informaci\u00f3n importante sobre c\u00f3mo los ni\u00f1os y los j\u00f3venes aprenden y desarrollan los recursos culturales que necesitan para participar y adaptarse con \u00e9xito en contextos de aculturaci\u00f3n. (3)<br><\/p>\n\n\n\n<p><strong>Referencias bibliogr\u00e1ficas:<\/strong><\/p>\n\n\n\n<p>1. Asociaci\u00f3n Americana de Psiquiatr\u00eda. (2013) Manual de diagn\u00f3stico y estad\u00edstica de trastornos mentales (5\u00aa ed.).<\/p>\n\n\n\n<p>2. Kpanake. Cultural concepts of the person and mental health in Africa. Psiquiatr\u00eda transcultural. [Internet] (2020) 55(2), pp. 198-218. <a href=\"https:\/\/journals.sagepub.com\/doi\/10.1177\/1363461517749435\">https:\/\/journals.sagepub.com\/doi\/10.1177\/1363461517749435<\/a><\/p>\n\n\n\n<p>3. Oppedal, B. et al. Culture competence and mental health across different immigrant and refugee groups. BMC Public Health. [Internet] (2020) 20(1).  <a href=\"https:\/\/www.ncbi.nlm.nih.gov\/pmc\/articles\/PMC7059687\/\">https:\/\/www.ncbi.nlm.nih.gov\/pmc\/articles\/PMC7059687\/<\/a><br><\/p>\n","protected":false},"excerpt":{"rendered":"<p>Autora: Heyliana Marte Abreu, estudiante de Medicina de 2do a\u00f1o del Instituto Tecnol\u00f3gico de Santo Domingo (INTEC). Miembro del Comit\u00e9 Permanente en Salud P\u00fablica (SCOPH) de la Organizaci\u00f3n Dominicana de Estudiantes de Medicina (ODEM). La cultura se refiere a los sistemas de conocimiento, conceptos, reglas y pr\u00e1cticas que se aprenden y transmiten de generaci\u00f3n en [&hellip;]<\/p>\n","protected":false},"author":18,"featured_media":23200,"comment_status":"open","ping_status":"open","sticky":false,"template":"","format":"standard","meta":{"_acf_changed":false,"footnotes":""},"categories":[610],"tags":[163,162,99],"class_list":["post-32235","post","type-post","status-publish","format-standard","has-post-thumbnail","hentry","category-estudiantil","tag-capsula-de-salud-mental","tag-estudiantil","tag-psiquiatria"],"acf":[],"_links":{"self":[{"href":"https:\/\/ktechproduccion.net\/diariosalud.com\/wp-json\/wp\/v2\/posts\/32235","targetHints":{"allow":["GET"]}}],"collection":[{"href":"https:\/\/ktechproduccion.net\/diariosalud.com\/wp-json\/wp\/v2\/posts"}],"about":[{"href":"https:\/\/ktechproduccion.net\/diariosalud.com\/wp-json\/wp\/v2\/types\/post"}],"author":[{"embeddable":true,"href":"https:\/\/ktechproduccion.net\/diariosalud.com\/wp-json\/wp\/v2\/users\/18"}],"replies":[{"embeddable":true,"href":"https:\/\/ktechproduccion.net\/diariosalud.com\/wp-json\/wp\/v2\/comments?post=32235"}],"version-history":[{"count":0,"href":"https:\/\/ktechproduccion.net\/diariosalud.com\/wp-json\/wp\/v2\/posts\/32235\/revisions"}],"wp:featuredmedia":[{"embeddable":true,"href":"https:\/\/ktechproduccion.net\/diariosalud.com\/wp-json\/wp\/v2\/media\/23200"}],"wp:attachment":[{"href":"https:\/\/ktechproduccion.net\/diariosalud.com\/wp-json\/wp\/v2\/media?parent=32235"}],"wp:term":[{"taxonomy":"category","embeddable":true,"href":"https:\/\/ktechproduccion.net\/diariosalud.com\/wp-json\/wp\/v2\/categories?post=32235"},{"taxonomy":"post_tag","embeddable":true,"href":"https:\/\/ktechproduccion.net\/diariosalud.com\/wp-json\/wp\/v2\/tags?post=32235"}],"curies":[{"name":"wp","href":"https:\/\/api.w.org\/{rel}","templated":true}]}}